{"id":1978,"date":"2023-11-24T11:27:38","date_gmt":"2023-11-24T17:27:38","guid":{"rendered":"https:\/\/anexioncr.com\/?p=1978"},"modified":"2023-11-24T11:27:38","modified_gmt":"2023-11-24T17:27:38","slug":"homenajearon-a-quijonguero-y-autor-de-parrandera-el-brinco-del-sapo","status":"publish","type":"post","link":"https:\/\/anexioncr.com\/index.php\/2023\/11\/24\/homenajearon-a-quijonguero-y-autor-de-parrandera-el-brinco-del-sapo\/","title":{"rendered":"Homenajearon a quijonguero y autor de parrandera El Brinco del Sapo"},"content":{"rendered":"<p>Con motivo de la celebraci\u00f3n del IV Congreso de Cultura de Guanacaste, los organizadores con mucha visi\u00f3n, hicieron eco del lema, que los reconocimientos se hacen en vida a quienes lo merecen y por ello, rindieron homenaje al Maestro santacruce\u00f1o, Isidoro Guadamuz de la O.<br \/>\nCon m\u00e9ritos suficientes tras una larga vida en el arte musical, el galardonado ha sido profesor en esa materia, trombonista de la Banda Municipal de la Ciudad Folcl\u00f3rica y autor de las m\u00e1s famosa parrandera de los \u00faltimos tiempos en todo Guanacaste: El Brinco del Sapo, cuyo terma arranca una emoci\u00f3n especial, al punto que saca de la rutina al m\u00e1s aburrido y le eleva el esp\u00edritu guanacasteco.<br \/>\nOtro elemento especial de don Isidoro, ata\u00f1e a que es de los pocos m\u00fasicos que ejecutan el instrumento el quijongo y le saca melod\u00edas que forman parte del repertorio vern\u00e1culo. Por ello, junto al quijonguero bagace\u00f1o, Eulalio Guadamuz, fallecido recientemente, comparti\u00f3 el Premio Nacional de Cultura Popular.<br \/>\nEn la actividad, la Universidad Estatal a Distancia (UNED), present\u00f3 un documental protagonizado por don Isidro, y titulado: \u201cNo es pa\u2019 todos bailar con caite\u201d.<br \/>\nTambi\u00e9n hubo una presentaci\u00f3n musical con Quijongos, y se present\u00f3 un disco conmemorativo de la Universidad Nacional (UNA), instituci\u00f3n que este 2023 celebra el 50 aniversario de su fundaci\u00f3n.<\/p>\n","protected":false},"excerpt":{"rendered":"<div class=\"mh-excerpt\"><p>Con motivo de la celebraci\u00f3n del IV Congreso de Cultura de Guanacaste, los organizadores con mucha visi\u00f3n, hicieron eco del lema, que los reconocimientos se hacen en vida a quienes lo merecen y por ello, <a class=\"mh-excerpt-more\" href=\"https:\/\/anexioncr.com\/index.php\/2023\/11\/24\/homenajearon-a-quijonguero-y-autor-de-parrandera-el-brinco-del-sapo\/\" title=\"Homenajearon a quijonguero y autor de parrandera El Brinco del Sapo\">[&#8230;]<\/a><\/p>\n<\/div>","protected":false},"author":1,"featured_media":1993,"comment_status":"open","ping_status":"open","sticky":false,"template":"","format":"standard","meta":{"_monsterinsights_skip_tracking":false,"_monsterinsights_sitenote_active":false,"_monsterinsights_sitenote_note":"","_monsterinsights_sitenote_category":0,"_uf_show_specific_survey":0,"_uf_disable_surveys":false,"footnotes":""},"categories":[34],"tags":[],"class_list":{"0":"post-1978","1":"post","2":"type-post","3":"status-publish","4":"format-standard","5":"has-post-thumbnail","7":"category-provincia"},"_links":{"self":[{"href":"https:\/\/anexioncr.com\/index.php\/wp-json\/wp\/v2\/posts\/1978","targetHints":{"allow":["GET"]}}],"collection":[{"href":"https:\/\/anexioncr.com\/index.php\/wp-json\/wp\/v2\/posts"}],"about":[{"href":"https:\/\/anexioncr.com\/index.php\/wp-json\/wp\/v2\/types\/post"}],"author":[{"embeddable":true,"href":"https:\/\/anexioncr.com\/index.php\/wp-json\/wp\/v2\/users\/1"}],"replies":[{"embeddable":true,"href":"https:\/\/anexioncr.com\/index.php\/wp-json\/wp\/v2\/comments?post=1978"}],"version-history":[{"count":1,"href":"https:\/\/anexioncr.com\/index.php\/wp-json\/wp\/v2\/posts\/1978\/revisions"}],"predecessor-version":[{"id":1979,"href":"https:\/\/anexioncr.com\/index.php\/wp-json\/wp\/v2\/posts\/1978\/revisions\/1979"}],"wp:featuredmedia":[{"embeddable":true,"href":"https:\/\/anexioncr.com\/index.php\/wp-json\/wp\/v2\/media\/1993"}],"wp:attachment":[{"href":"https:\/\/anexioncr.com\/index.php\/wp-json\/wp\/v2\/media?parent=1978"}],"wp:term":[{"taxonomy":"category","embeddable":true,"href":"https:\/\/anexioncr.com\/index.php\/wp-json\/wp\/v2\/categories?post=1978"},{"taxonomy":"post_tag","embeddable":true,"href":"https:\/\/anexioncr.com\/index.php\/wp-json\/wp\/v2\/tags?post=1978"}],"curies":[{"name":"wp","href":"https:\/\/api.w.org\/{rel}","templated":true}]}}