{"id":1954,"date":"2023-11-24T09:15:15","date_gmt":"2023-11-24T15:15:15","guid":{"rendered":"https:\/\/anexioncr.com\/?p=1954"},"modified":"2023-11-24T09:15:37","modified_gmt":"2023-11-24T15:15:37","slug":"politica-nacional-de-seguridad-costa-rica-segura-plus-entro-en-operacion","status":"publish","type":"post","link":"https:\/\/anexioncr.com\/index.php\/2023\/11\/24\/politica-nacional-de-seguridad-costa-rica-segura-plus-entro-en-operacion\/","title":{"rendered":"Pol\u00edtica Nacional de Seguridad: Costa Rica Segura Plus entr\u00f3 en operaci\u00f3n"},"content":{"rendered":"<p>En el lanzamiento de esa estrategia global participaron el presidente Rodrigo Chaves Robles, el ministro de Seguridad P\u00fablica, Mario Zamora y 300 invitados, de los distintos poderes de la Rep\u00fablica y la sociedad civil. \u201cEste es el marco estrat\u00e9gico que llevaremos adelantes para desarrollar en el campo las acciones que el pa\u00eds requiere para contener al crimen organizado, el narcotr\u00e1fico y la delincuencia com\u00fan. Se trata de un frente com\u00fan de pol\u00edticas de Estado que combatan a la criminalidad en el terreno, pero que, simult\u00e1neamente, incorporen las medidas preventivas urgentes y necesarias que el pa\u00eds requiere\u201d, explic\u00f3 el titular de Seguridad P\u00fablica.<\/p>\n<p>La Pol\u00edtica de Seguridad P\u00fablica consta de 4 ejes: Prevenci\u00f3n social, Criminalidad com\u00fan, Crimen Organizado y Narcotr\u00e1fico, Protecci\u00f3n y Defensa de la Naci\u00f3n. Cada uno de los ejes contiene una serie de acciones con objetivos muy claros de cumplimiento. La realidad de un a\u00f1o en extremo violento por la guerra de pandillas que disputan territorios para el tr\u00e1fico de drogas, demanda acciones r\u00e1pidas que logren contener el fen\u00f3meno, pero a su vez, que siente las bases para el fortalecimiento de una pol\u00edtica de seguridad s\u00f3lida en el tiempo, subraya el ministro Zamora.<\/p>\n<h4>Fortalecer capacidades humanas<\/h4>\n<p>Sobre las medidas concretas el jerarca detall\u00f3 que incluye inteligencia policial, en las operaciones para identificaci\u00f3n de sicarios y bandas criminales; as\u00ed como sus zonas de operaci\u00f3n y franjas horarias de intervenci\u00f3n, planes de control territorial preventivo (retenes din\u00e1micos), interpoliciales mediante la adopci\u00f3n de operaciones conjuntas y combinadas entre los distintos cuerpos de las polic\u00edas administrativas adscritas al Poder Ejecutivo. Tambi\u00e9n la identificaci\u00f3n de guaridas y casas de seguridad de las bandas narcotraficantes y sicarios, as\u00ed como el registro de b\u00fankeres y puntos de venta de droga en cada una de las 492 jurisdicciones distritales contempladas dentro de los 84 cantones de nuestro pa\u00eds.<\/p>\n<p>Zamora destac\u00f3 en el plano preventivo el dise\u00f1o para el diagn\u00f3stico y planes de seguridad a escala municipal y comunal que partan de la identificaci\u00f3n de la violencia, riesgos sociales ante el delito y otros factores generadores de inseguridad que afectan la convivencia ciudadana en los 84 cantones y 492 distritos. La estrategia global que pasa por una serie de medidas para el fortalecimiento de las capacidades humanas y t\u00e9cnicas de los cuerpos policiales. Mejorar las condiciones salariales, tecnol\u00f3gicas y de capacitaci\u00f3n es fundamentales para sacar la tarea.<\/p>\n","protected":false},"excerpt":{"rendered":"<div class=\"mh-excerpt\"><p>En el lanzamiento de esa estrategia global participaron el presidente Rodrigo Chaves Robles, el ministro de Seguridad P\u00fablica, Mario Zamora y 300 invitados, de los distintos poderes de la Rep\u00fablica y la sociedad civil. \u201cEste <a class=\"mh-excerpt-more\" href=\"https:\/\/anexioncr.com\/index.php\/2023\/11\/24\/politica-nacional-de-seguridad-costa-rica-segura-plus-entro-en-operacion\/\" title=\"Pol\u00edtica Nacional de Seguridad: Costa Rica Segura Plus entr\u00f3 en operaci\u00f3n\">[&#8230;]<\/a><\/p>\n<\/div>","protected":false},"author":1,"featured_media":1955,"comment_status":"open","ping_status":"open","sticky":false,"template":"","format":"standard","meta":{"_monsterinsights_skip_tracking":false,"_monsterinsights_sitenote_active":false,"_monsterinsights_sitenote_note":"","_monsterinsights_sitenote_category":0,"_uf_show_specific_survey":0,"_uf_disable_surveys":false,"footnotes":""},"categories":[36,33],"tags":[],"class_list":{"0":"post-1954","1":"post","2":"type-post","3":"status-publish","4":"format-standard","5":"has-post-thumbnail","7":"category-destacados","8":"category-nacionales"},"_links":{"self":[{"href":"https:\/\/anexioncr.com\/index.php\/wp-json\/wp\/v2\/posts\/1954","targetHints":{"allow":["GET"]}}],"collection":[{"href":"https:\/\/anexioncr.com\/index.php\/wp-json\/wp\/v2\/posts"}],"about":[{"href":"https:\/\/anexioncr.com\/index.php\/wp-json\/wp\/v2\/types\/post"}],"author":[{"embeddable":true,"href":"https:\/\/anexioncr.com\/index.php\/wp-json\/wp\/v2\/users\/1"}],"replies":[{"embeddable":true,"href":"https:\/\/anexioncr.com\/index.php\/wp-json\/wp\/v2\/comments?post=1954"}],"version-history":[{"count":2,"href":"https:\/\/anexioncr.com\/index.php\/wp-json\/wp\/v2\/posts\/1954\/revisions"}],"predecessor-version":[{"id":1957,"href":"https:\/\/anexioncr.com\/index.php\/wp-json\/wp\/v2\/posts\/1954\/revisions\/1957"}],"wp:featuredmedia":[{"embeddable":true,"href":"https:\/\/anexioncr.com\/index.php\/wp-json\/wp\/v2\/media\/1955"}],"wp:attachment":[{"href":"https:\/\/anexioncr.com\/index.php\/wp-json\/wp\/v2\/media?parent=1954"}],"wp:term":[{"taxonomy":"category","embeddable":true,"href":"https:\/\/anexioncr.com\/index.php\/wp-json\/wp\/v2\/categories?post=1954"},{"taxonomy":"post_tag","embeddable":true,"href":"https:\/\/anexioncr.com\/index.php\/wp-json\/wp\/v2\/tags?post=1954"}],"curies":[{"name":"wp","href":"https:\/\/api.w.org\/{rel}","templated":true}]}}