{"id":1825,"date":"2023-10-16T08:29:14","date_gmt":"2023-10-16T14:29:14","guid":{"rendered":"https:\/\/anexioncr.com\/?p=1825"},"modified":"2023-10-16T08:29:30","modified_gmt":"2023-10-16T14:29:30","slug":"tres-mujeres-se-convierten-en-las-primeras-ingenieras-fisicas-de-costa-rica-y-centroamerica","status":"publish","type":"post","link":"https:\/\/anexioncr.com\/index.php\/2023\/10\/16\/tres-mujeres-se-convierten-en-las-primeras-ingenieras-fisicas-de-costa-rica-y-centroamerica\/","title":{"rendered":"Tres mujeres se convierten en las primeras Ingenieras F\u00edsicas de Costa Rica y Centroam\u00e9rica"},"content":{"rendered":"<p>Natalia Calder\u00f3n Barboza, Valentina Campos Aguilar y Mar\u00eda Elena Esquivel Murillo se convirtieron en las primeras egresadas en Costa Rica y Centroam\u00e9rica de la carrera de Ingenier\u00eda F\u00edsica.<br \/>\nEl pasado 8 de setiembre, ellas fueron parte de los 595 nuevos profesionales que el Tecnol\u00f3gico de Costa Rica (TEC) entreg\u00f3 al pa\u00eds.<\/p>\n<p>Durante la ceremonia, Natalia destac\u00f3 el valor e importancia de la educaci\u00f3n p\u00fablica para el pa\u00eds, en especial para una universidad como el Tecnol\u00f3gico que refleja el compromiso futuro y desarrollo de la naci\u00f3n. &#8220;Nuestra traves\u00eda en el TEC ha sido una experiencia de crecimiento personal y acad\u00e9mico (..) Miramos hacia delante con una mezcla de curiosidad<br \/>\ny entusiasmo por lo que el futuro nos depara\u201d, Calder\u00f3n.<\/p>\n<p>Por su parte, Valentina destac\u00f3 que ser parte de las tres primeras graduadas no es solo orgullo personal sino tambi\u00e9n un hito y un reto hist\u00f3rico. \u201cEs un llamado de fuerza que estamos haciendo historia y que cada somos m\u00e1s mujeres innovando en esta \u00e1rea\u201d afirm\u00f3.<\/p>\n<p>Por su parte, Mar\u00eda Elena se\u00f1al\u00f3 que para ella significa la cumbre de muchos esfuerzos, de noches sin dormir e inclusive de algunas decepciones con notas (hoy superadas). \u201cEste es el logro que est\u00e1ba esperando\u201d puntualiz\u00f3.<\/p>\n<h4>Alto valor para el mercado laboral<\/h4>\n<p>Si bien las j\u00f3venes recibieron su t\u00edtulo este viernes, las tres ingenieras se encuentran ya en el campo laboral. En el caso de Natalia est\u00e1 laborando en el \u00e1rea de investigaci\u00f3n y desarrollo de ITEK, empresa de manufactura de dispositivos m\u00e9dicos. Valentina fue contratada por la Universidad de Costa Rica (UCR) como docente para la carrera de F\u00edsica. Y Mar\u00eda Elena est\u00e1 desempe\u00f1\u00e1ndose como ingeniera en la transnacional Boston Scientific.<\/p>\n<p>La contrataci\u00f3n de estas j\u00f3venes es reflejo del alto porcentaje de empleabilidad que tienen las personas egresadas del TEC. De acuerdo con el \u00faltimo el Observatorio Laboral de Profesiones del Consejo Nacional de Rectores, el 95,4% de los graduados del TEC tienen trabajo, adem\u00e1s de que cada 7 de 10 personas egresadas de esta casa de estudios ya ten\u00edan trabajo antes de graduarse.<\/p>\n<p>La carrera recibe en promedio a 40 estudiantes por a\u00f1o, sin embargo, hay ya necesidad de ampliar esa cobertura. Para este 2023, esta ingenier\u00eda tiene unos 300 estudiantes que cursan esta oferta \u00fanica en el pa\u00eds y la regi\u00f3n centroamericana.<\/p>\n","protected":false},"excerpt":{"rendered":"<div class=\"mh-excerpt\"><p>Natalia Calder\u00f3n Barboza, Valentina Campos Aguilar y Mar\u00eda Elena Esquivel Murillo se convirtieron en las primeras egresadas en Costa Rica y Centroam\u00e9rica de la carrera de Ingenier\u00eda F\u00edsica. El pasado 8 de setiembre, ellas fueron <a class=\"mh-excerpt-more\" href=\"https:\/\/anexioncr.com\/index.php\/2023\/10\/16\/tres-mujeres-se-convierten-en-las-primeras-ingenieras-fisicas-de-costa-rica-y-centroamerica\/\" title=\"Tres mujeres se convierten en las primeras Ingenieras F\u00edsicas de Costa Rica y Centroam\u00e9rica\">[&#8230;]<\/a><\/p>\n<\/div>","protected":false},"author":1,"featured_media":1826,"comment_status":"open","ping_status":"open","sticky":false,"template":"","format":"standard","meta":{"_monsterinsights_skip_tracking":false,"_monsterinsights_sitenote_active":false,"_monsterinsights_sitenote_note":"","_monsterinsights_sitenote_category":0,"_uf_show_specific_survey":0,"_uf_disable_surveys":false,"footnotes":""},"categories":[36,33],"tags":[],"class_list":{"0":"post-1825","1":"post","2":"type-post","3":"status-publish","4":"format-standard","5":"has-post-thumbnail","7":"category-destacados","8":"category-nacionales"},"_links":{"self":[{"href":"https:\/\/anexioncr.com\/index.php\/wp-json\/wp\/v2\/posts\/1825","targetHints":{"allow":["GET"]}}],"collection":[{"href":"https:\/\/anexioncr.com\/index.php\/wp-json\/wp\/v2\/posts"}],"about":[{"href":"https:\/\/anexioncr.com\/index.php\/wp-json\/wp\/v2\/types\/post"}],"author":[{"embeddable":true,"href":"https:\/\/anexioncr.com\/index.php\/wp-json\/wp\/v2\/users\/1"}],"replies":[{"embeddable":true,"href":"https:\/\/anexioncr.com\/index.php\/wp-json\/wp\/v2\/comments?post=1825"}],"version-history":[{"count":2,"href":"https:\/\/anexioncr.com\/index.php\/wp-json\/wp\/v2\/posts\/1825\/revisions"}],"predecessor-version":[{"id":1828,"href":"https:\/\/anexioncr.com\/index.php\/wp-json\/wp\/v2\/posts\/1825\/revisions\/1828"}],"wp:featuredmedia":[{"embeddable":true,"href":"https:\/\/anexioncr.com\/index.php\/wp-json\/wp\/v2\/media\/1826"}],"wp:attachment":[{"href":"https:\/\/anexioncr.com\/index.php\/wp-json\/wp\/v2\/media?parent=1825"}],"wp:term":[{"taxonomy":"category","embeddable":true,"href":"https:\/\/anexioncr.com\/index.php\/wp-json\/wp\/v2\/categories?post=1825"},{"taxonomy":"post_tag","embeddable":true,"href":"https:\/\/anexioncr.com\/index.php\/wp-json\/wp\/v2\/tags?post=1825"}],"curies":[{"name":"wp","href":"https:\/\/api.w.org\/{rel}","templated":true}]}}