{"id":1771,"date":"2023-09-12T10:44:22","date_gmt":"2023-09-12T16:44:22","guid":{"rendered":"https:\/\/anexioncr.com\/?p=1771"},"modified":"2023-09-12T10:44:22","modified_gmt":"2023-09-12T16:44:22","slug":"tse-concluyo-analisis-de-solicitudes-para-inscribir-partidos-politicos","status":"publish","type":"post","link":"https:\/\/anexioncr.com\/index.php\/2023\/09\/12\/tse-concluyo-analisis-de-solicitudes-para-inscribir-partidos-politicos\/","title":{"rendered":"TSE concluy\u00f3 an\u00e1lisis de solicitudes para inscribir partidos pol\u00edticos"},"content":{"rendered":"<ul>\n<li><em>Las nuevas agrupaciones son dos a escala nacional y 14 a nivel cantonal.<\/em><\/li>\n<li><em>Actualmente, hay 160 partidos inscritos, 34 nacionales, 22 provinciales y 104 cantonales.<\/em><\/li>\n<\/ul>\n<p>&nbsp;<\/p>\n<p><strong>San Jos\u00e9, 12 de setiembre de 2023. <\/strong>Dado que el pasado 3 de agosto venci\u00f3 el plazo para que el Tribunal Supremo de Elecciones (TSE) dictara resoluciones ordenando la inscripci\u00f3n de partidos pol\u00edticos, se informa que, los pr\u00f3ximos comicios contar\u00e1n con <strong>16 nuevas agrupaciones partidarias<\/strong>, las cuales cumplieron con todos los requisitos establecidos en la normativa.<\/p>\n<p>Estos nuevos partidos pol\u00edticos son <strong>dos a escala nacional<\/strong> y <strong>14 a nivel cantonal.<\/strong> A continuaci\u00f3n, se detallan esas agrupaciones que podr\u00e1n participar -por primera vez- en un proceso electoral.<\/p>\n<p>&nbsp;<\/p>\n<p><strong>Escala Nacional<\/strong><\/p>\n<p><strong>\u00a0<\/strong><\/p>\n<table width=\"302\">\n<tbody>\n<tr>\n<td width=\"340\"><strong>Partido Pol\u00edtico<\/strong><\/td>\n<\/tr>\n<tr>\n<td width=\"340\"><strong>1.\u00a0\u00a0\u00a0\u00a0 <\/strong>Agenda Democr\u00e1tica Nacional.<\/td>\n<\/tr>\n<tr>\n<td width=\"340\"><strong>2.\u00a0\u00a0\u00a0\u00a0 <\/strong>Pueblo Soberano.<\/td>\n<\/tr>\n<\/tbody>\n<\/table>\n<p><strong>Escala cantonal<\/strong><\/p>\n<table width=\"538\">\n<tbody>\n<tr>\n<td width=\"302\"><strong>Partido Pol\u00edtico<\/strong><\/td>\n<td width=\"236\"><strong>Cant\u00f3n<\/strong><\/td>\n<\/tr>\n<tr>\n<td width=\"302\"><strong>1.\u00a0\u00a0\u00a0\u00a0 <\/strong>Recicladores y Visionarios.<\/td>\n<td width=\"236\">San Ram\u00f3n, Alajuela.<\/td>\n<\/tr>\n<tr>\n<td width=\"302\"><strong>2.\u00a0\u00a0\u00a0\u00a0 <\/strong>M\u00e1s San Jos\u00e9.<\/td>\n<td width=\"236\">Central, San Jos\u00e9.<\/td>\n<\/tr>\n<tr>\n<td width=\"302\"><strong>3.\u00a0\u00a0\u00a0\u00a0 <\/strong>Colectivo Convergencia.<\/td>\n<td width=\"236\">Central, Alajuela.<\/td>\n<\/tr>\n<tr>\n<td width=\"302\"><strong>4.\u00a0\u00a0\u00a0\u00a0 <\/strong>Bienestar Josefino.<\/td>\n<td width=\"236\">Central, San Jos\u00e9.<\/td>\n<\/tr>\n<tr>\n<td width=\"302\"><strong>5.\u00a0\u00a0\u00a0\u00a0 <\/strong>Popular Cristiano.<\/td>\n<td width=\"236\">Santa Ana, San Jos\u00e9.<\/td>\n<\/tr>\n<tr>\n<td width=\"302\"><strong>6.\u00a0\u00a0\u00a0\u00a0 <\/strong>En Com\u00fan.<\/td>\n<td width=\"236\">Montes de Oca, San Jos\u00e9.<\/td>\n<\/tr>\n<tr>\n<td width=\"302\"><strong>7.\u00a0\u00a0\u00a0\u00a0 <\/strong>Liberia Unida.<\/td>\n<td width=\"236\">Liberia, Guanacaste.<\/td>\n<\/tr>\n<tr>\n<td width=\"302\"><strong>8.\u00a0\u00a0\u00a0\u00a0 <\/strong>Alma Flore\u00f1a.<\/td>\n<td width=\"236\">Flores, Heredia.<\/td>\n<\/tr>\n<tr>\n<td width=\"302\"><strong>9.\u00a0\u00a0\u00a0\u00a0 <\/strong>Nueva Liberia.<\/td>\n<td width=\"236\">Liberia, Guanacaste.<\/td>\n<\/tr>\n<tr>\n<td width=\"302\"><strong>10. <\/strong>Viva Puerto Jim\u00e9nez.<\/td>\n<td width=\"236\">Puerto Jim\u00e9nez, Puntarenas.<\/td>\n<\/tr>\n<tr>\n<td width=\"302\"><strong>11. <\/strong>Uni\u00f3n Oromontana.<\/td>\n<td width=\"236\">Montes de Oro, Puntarenas.<\/td>\n<\/tr>\n<tr>\n<td width=\"302\"><strong>12. <\/strong>Bienestar Rafaele\u00f1o.<\/td>\n<td width=\"236\">San Rafael, Heredia.<\/td>\n<\/tr>\n<tr>\n<td width=\"302\"><strong>13. <\/strong>La Esperanza Desamparade\u00f1a.<\/td>\n<td width=\"236\">Desamparados, San Jos\u00e9.<\/td>\n<\/tr>\n<tr>\n<td width=\"302\"><strong>14. <\/strong>Ecol\u00f3gico Escazuce\u00f1o.<\/td>\n<td width=\"236\">Escaz\u00fa, San Jos\u00e9.<\/td>\n<\/tr>\n<\/tbody>\n<\/table>\n<p>&nbsp;<\/p>\n<p>&nbsp;<\/p>\n<p>Siendo as\u00ed, estas nuevas agrupaciones se a\u00f1aden a las ya inscritas en el TSE, sumando un total de <strong>160 partidos pol\u00edticos<\/strong> de los cuales, <strong>34<\/strong> son a escala nacional, <strong>22<\/strong> a nivel provincial y <strong>104<\/strong> a escala cantonal. Para poder participar en cualquier proceso electoral, seg\u00fan sea su escala, todos los partidos inscritos deber\u00e1n tener vigentes sus estructuras y, cuando proceda, haber definido los encabezamientos dentro de los plazos establecidos por el Tribunal<strong>.<\/strong><\/p>\n<p>El pasado 3 de febrero, 26 agrupaciones presentaron solicitud de inscripci\u00f3n ante el TSE, de las cuales, 10 fueron denegadas y, no podr\u00e1n participar en los pr\u00f3ximos comicios municipales; la mayor\u00eda de ellas por incumplimiento de requisitos legales.<\/p>\n<p>&nbsp;<\/p>\n<p><strong>Coaliciones<\/strong><\/p>\n<p>Otro t\u00e9rmino que finaliz\u00f3 el pasado jueves a las 3 de la tarde, era la presentaci\u00f3n de pactos de coalici\u00f3n de partidos pol\u00edticos. Para este proceso electoral, se presentaron 4 solicitudes y son las siguientes:<\/p>\n<p>&nbsp;<\/p>\n<table>\n<tbody>\n<tr>\n<td width=\"196\"><strong>Nombre del Pacto<\/strong><\/td>\n<td width=\"238\"><strong>Partidos Participantes<\/strong><\/td>\n<\/tr>\n<tr>\n<td width=\"196\">Uni\u00f3n Belemita<\/td>\n<td width=\"238\">-Frente Amplio<\/p>\n<p>-Independiente Belemita<\/td>\n<\/tr>\n<tr>\n<td width=\"196\">Gente de Montes de Oca<\/td>\n<td width=\"238\">-Frente Amplio<\/p>\n<p>-Gente de Montes de Oca<\/td>\n<\/tr>\n<tr>\n<td width=\"196\">Somos Montes de Oca<\/td>\n<td width=\"238\">-Humanista de Montes de Oca<\/p>\n<p>-Acci\u00f3n Ciudadana<\/td>\n<\/tr>\n<tr>\n<td width=\"196\">Cambio Ciudadano<\/td>\n<td width=\"238\">-Todos por Goicoechea<\/p>\n<p>-Acci\u00f3n Ciudadana<\/td>\n<\/tr>\n<\/tbody>\n<\/table>\n<p>&nbsp;<\/p>\n<p>En este momento, esas solicitudes se encuentran en estudio por parte de la Direcci\u00f3n General de Registro Electoral que determinar\u00e1 si re\u00fanen los requisitos para ser inscritas. Las coaliciones facultan a que partidos pol\u00edticos inscritos puedan presentar candidaturas comunes en determinadas circunscripciones.<\/p>\n<p>Las pr\u00f3ximas Elecciones Municipales <strong>se realizar\u00e1n el 4 de febrero de 2024<\/strong>, fecha en que los costarricenses podr\u00e1n elegir a las alcald\u00edas, regidur\u00edas, sindicaturas, concejal\u00edas de distrito, intendencias y concejal\u00edas municipales de distrito. En el proceso municipal de 2020 participaron 80 partidos pol\u00edticos y 6 coaliciones.<\/p>\n<p>&nbsp;<\/p>\n<p>&nbsp;<\/p>\n<p>Para mayor informaci\u00f3n period\u00edstica, puede contactar al \u00c1rea de Prensa<\/p>\n<p>Periodistas: Giannina Aguilar, Marialaura Hern\u00e1ndez, Jeimy Alvarado, Herlen Guti\u00e9rrez y Cedric Solano.<\/p>\n<p>Tel. 2287-5964 \/ 2287-5962 \/ 2287 5954<\/p>\n","protected":false},"excerpt":{"rendered":"<div class=\"mh-excerpt\"><p>Las nuevas agrupaciones son dos a escala nacional y 14 a nivel cantonal. Actualmente, hay 160 partidos inscritos, 34 nacionales, 22 provinciales y 104 cantonales. &nbsp; San Jos\u00e9, 12 de setiembre de 2023. Dado que <a class=\"mh-excerpt-more\" href=\"https:\/\/anexioncr.com\/index.php\/2023\/09\/12\/tse-concluyo-analisis-de-solicitudes-para-inscribir-partidos-politicos\/\" title=\"TSE concluy\u00f3 an\u00e1lisis de solicitudes para inscribir partidos pol\u00edticos\">[&#8230;]<\/a><\/p>\n<\/div>","protected":false},"author":1,"featured_media":1772,"comment_status":"open","ping_status":"open","sticky":false,"template":"","format":"standard","meta":{"_monsterinsights_skip_tracking":false,"_monsterinsights_sitenote_active":false,"_monsterinsights_sitenote_note":"","_monsterinsights_sitenote_category":0,"_uf_show_specific_survey":0,"_uf_disable_surveys":false,"footnotes":""},"categories":[33],"tags":[],"class_list":{"0":"post-1771","1":"post","2":"type-post","3":"status-publish","4":"format-standard","5":"has-post-thumbnail","7":"category-nacionales"},"_links":{"self":[{"href":"https:\/\/anexioncr.com\/index.php\/wp-json\/wp\/v2\/posts\/1771","targetHints":{"allow":["GET"]}}],"collection":[{"href":"https:\/\/anexioncr.com\/index.php\/wp-json\/wp\/v2\/posts"}],"about":[{"href":"https:\/\/anexioncr.com\/index.php\/wp-json\/wp\/v2\/types\/post"}],"author":[{"embeddable":true,"href":"https:\/\/anexioncr.com\/index.php\/wp-json\/wp\/v2\/users\/1"}],"replies":[{"embeddable":true,"href":"https:\/\/anexioncr.com\/index.php\/wp-json\/wp\/v2\/comments?post=1771"}],"version-history":[{"count":1,"href":"https:\/\/anexioncr.com\/index.php\/wp-json\/wp\/v2\/posts\/1771\/revisions"}],"predecessor-version":[{"id":1773,"href":"https:\/\/anexioncr.com\/index.php\/wp-json\/wp\/v2\/posts\/1771\/revisions\/1773"}],"wp:featuredmedia":[{"embeddable":true,"href":"https:\/\/anexioncr.com\/index.php\/wp-json\/wp\/v2\/media\/1772"}],"wp:attachment":[{"href":"https:\/\/anexioncr.com\/index.php\/wp-json\/wp\/v2\/media?parent=1771"}],"wp:term":[{"taxonomy":"category","embeddable":true,"href":"https:\/\/anexioncr.com\/index.php\/wp-json\/wp\/v2\/categories?post=1771"},{"taxonomy":"post_tag","embeddable":true,"href":"https:\/\/anexioncr.com\/index.php\/wp-json\/wp\/v2\/tags?post=1771"}],"curies":[{"name":"wp","href":"https:\/\/api.w.org\/{rel}","templated":true}]}}