{"id":1766,"date":"2023-09-11T17:53:35","date_gmt":"2023-09-11T23:53:35","guid":{"rendered":"https:\/\/anexioncr.com\/?p=1766"},"modified":"2023-09-11T17:53:35","modified_gmt":"2023-09-11T23:53:35","slug":"renuncio-candidato-a-alcalde-del-pln-en-liberia","status":"publish","type":"post","link":"https:\/\/anexioncr.com\/index.php\/2023\/09\/11\/renuncio-candidato-a-alcalde-del-pln-en-liberia\/","title":{"rendered":"Renunci\u00f3 candidato a alcalde del PLN en Liberia"},"content":{"rendered":"<p>El abogado y profesor universitario, Jos\u00e9 Mario Coronado Vargas, dej\u00f3 a un lado la candidatura a la Alcald\u00eda verdiblanca, de cara a las elecciones municipales del 2024.<\/p>\n<p>En una carta enviada a las autoridades del Partido Liberaci\u00f3n Nacional (PLN), el dimitente aleg\u00f3 razones estrictamente personales. Coronado Vargas es de raigambre aut\u00e9nticamente liberiana y durante varias d\u00e9cadas ejerci\u00f3 como Director del Centro Penitenciario ubicado en Liberia.<\/p>\n<p>Periodico Anexi\u00f3n tuvo informes que la renuncia sin marcha atr\u00e1s, la concret\u00f3 este fin de semana. Incluso particip\u00f3 en actividades propias de la campa\u00f1a el viernes anterior.<\/p>\n<p>Se intent\u00f3 conversar con Coronado Vargas a su n\u00famero celular sin \u00e9xito.<\/p>\n<p>En una carrera contra el tiempo que est\u00e1 muy apretado por los plazos que dicta el Tribunal Supremo de Elecciones, los liberacionistas de Liberia tendr\u00e1n que buscar un hombre que encabece la papeleta de la Alcald\u00eda.<\/p>\n<p>&nbsp;<\/p>\n<p><a href=\"https:\/\/anexioncr.com\/wp-content\/uploads\/2023\/09\/WhatsApp-Image-2023-09-11-at-5.51.35-PM.jpeg\"><img loading=\"lazy\" decoding=\"async\" class=\"aligncenter size-full wp-image-1769\" src=\"https:\/\/anexioncr.com\/wp-content\/uploads\/2023\/09\/WhatsApp-Image-2023-09-11-at-5.51.35-PM.jpeg\" alt=\"\" width=\"768\" height=\"1024\" srcset=\"https:\/\/anexioncr.com\/wp-content\/uploads\/2023\/09\/WhatsApp-Image-2023-09-11-at-5.51.35-PM.jpeg 768w, https:\/\/anexioncr.com\/wp-content\/uploads\/2023\/09\/WhatsApp-Image-2023-09-11-at-5.51.35-PM-225x300.jpeg 225w\" sizes=\"auto, (max-width: 768px) 100vw, 768px\" \/><\/a><\/p>\n","protected":false},"excerpt":{"rendered":"<div class=\"mh-excerpt\"><p>El abogado y profesor universitario, Jos\u00e9 Mario Coronado Vargas, dej\u00f3 a un lado la candidatura a la Alcald\u00eda verdiblanca, de cara a las elecciones municipales del 2024. En una carta enviada a las autoridades del <a class=\"mh-excerpt-more\" href=\"https:\/\/anexioncr.com\/index.php\/2023\/09\/11\/renuncio-candidato-a-alcalde-del-pln-en-liberia\/\" title=\"Renunci\u00f3 candidato a alcalde del PLN en Liberia\">[&#8230;]<\/a><\/p>\n<\/div>","protected":false},"author":1,"featured_media":1767,"comment_status":"open","ping_status":"open","sticky":false,"template":"","format":"standard","meta":{"_monsterinsights_skip_tracking":false,"_monsterinsights_sitenote_active":false,"_monsterinsights_sitenote_note":"","_monsterinsights_sitenote_category":0,"_uf_show_specific_survey":0,"_uf_disable_surveys":false,"footnotes":""},"categories":[35],"tags":[189],"class_list":{"0":"post-1766","1":"post","2":"type-post","3":"status-publish","4":"format-standard","5":"has-post-thumbnail","7":"category-cantones","8":"tag-alcalde"},"_links":{"self":[{"href":"https:\/\/anexioncr.com\/index.php\/wp-json\/wp\/v2\/posts\/1766","targetHints":{"allow":["GET"]}}],"collection":[{"href":"https:\/\/anexioncr.com\/index.php\/wp-json\/wp\/v2\/posts"}],"about":[{"href":"https:\/\/anexioncr.com\/index.php\/wp-json\/wp\/v2\/types\/post"}],"author":[{"embeddable":true,"href":"https:\/\/anexioncr.com\/index.php\/wp-json\/wp\/v2\/users\/1"}],"replies":[{"embeddable":true,"href":"https:\/\/anexioncr.com\/index.php\/wp-json\/wp\/v2\/comments?post=1766"}],"version-history":[{"count":2,"href":"https:\/\/anexioncr.com\/index.php\/wp-json\/wp\/v2\/posts\/1766\/revisions"}],"predecessor-version":[{"id":1770,"href":"https:\/\/anexioncr.com\/index.php\/wp-json\/wp\/v2\/posts\/1766\/revisions\/1770"}],"wp:featuredmedia":[{"embeddable":true,"href":"https:\/\/anexioncr.com\/index.php\/wp-json\/wp\/v2\/media\/1767"}],"wp:attachment":[{"href":"https:\/\/anexioncr.com\/index.php\/wp-json\/wp\/v2\/media?parent=1766"}],"wp:term":[{"taxonomy":"category","embeddable":true,"href":"https:\/\/anexioncr.com\/index.php\/wp-json\/wp\/v2\/categories?post=1766"},{"taxonomy":"post_tag","embeddable":true,"href":"https:\/\/anexioncr.com\/index.php\/wp-json\/wp\/v2\/tags?post=1766"}],"curies":[{"name":"wp","href":"https:\/\/api.w.org\/{rel}","templated":true}]}}