{"id":1698,"date":"2023-08-30T15:33:34","date_gmt":"2023-08-30T21:33:34","guid":{"rendered":"https:\/\/anexioncr.com\/?p=1698"},"modified":"2023-08-30T15:33:34","modified_gmt":"2023-08-30T21:33:34","slug":"unforgetable-memories-una-hermosa-visita-cultural","status":"publish","type":"post","link":"https:\/\/anexioncr.com\/index.php\/2023\/08\/30\/unforgetable-memories-una-hermosa-visita-cultural\/","title":{"rendered":"&#8220;Unforgetable memories&#8221;: Una hermosa visita cultural"},"content":{"rendered":"<p>Ms. Velva Taylor, miembro del Cuerpo de Paz de los EEUU en su juventud, vuelve a su pueblo Ca\u00f1as, Guanacaste, luego de haber estado cumpliendo su<br \/>\nlabor humanitaria y educativa en 1965 hasta 1967.<br \/>\nUn grupo de sus alumnos de entonces nos reunimos con ella para celebrar las inolvidables memorias que tuvimos, ya que con los a\u00f1os valoramos su gran entrega al pueblo.<\/p>\n<p>Velva Taylor aparte de otras actividades sociales, daba un curso de ingl\u00e9s por la noche. Tuve la gran suerte de estar muy cerca de ella y del gran tesoro que ten\u00eda: un ba\u00fal enorme lleno de libros y revistas culturales. Mi avidez por la lectura me hizo pronto sumergirme en este mundo nuevo de im\u00e1genes e informaci\u00f3n. Conoc\u00ed \u2013luego supe qui\u00e9n era\u2013 a Jackson Pollock y el Action Paint. Curiosamente estaba por iniciarme en la abstracci\u00f3n, y el conocimiento inicial de otros artistas contempor\u00e1neos. Lo mejor de todo fue que me regal\u00f3 un caballete para pintar paisajes, de los cl\u00e1sicos y que solo hab\u00eda visto en fotos. Entonces no se encontraba materiales para artes pl\u00e1sticas, espacialmente \u00f3leo, y hab\u00eda que conseguirlas en la capital, en la Librer\u00eda Lehmann y Universal. As\u00ed poseer un caballete que era una maravilla de ingenier\u00eda, pod\u00eda plegarse y montarse en pocos minutos. Ten\u00eda adem\u00e1s una cajita de pino que a\u00fan recuerdo su olor.<\/p>\n<p>Velva Taylor ejerc\u00eda un trabajo social y de ense\u00f1anza del ingl\u00e9s en la escuela y el colegio. Era muy amable y cari\u00f1osa y se gan\u00f3 la admiraci\u00f3n de todos los que fuimos sus alumnos. Recuerdo que en la casa que le hab\u00edan asignado, distante unos 100 metros de donde viv\u00eda, muchas veces hospedaba a estudiantes que viv\u00edan lejos del pueblo.<\/p>\n<h4>\nGran Dama del Cuerpo de Paz<\/h4>\n<p>En la cena que tuvimos en su honor no hace mucho, en el restaurante Bastos, en Ca\u00f1as, le expres\u00e9 en pocas palabras lo que ella represent\u00f3 para todos nosotros. Mencion\u00e9 que era como un faro de luz cultural. Tambi\u00e9n hubo palabras de otros compa\u00f1eros que recordaron su estad\u00eda y lo que signific\u00f3 para ellos haberla conocido.<\/p>\n<p>Gracias al Lic. Edgar Porras quien oportunamente organiz\u00f3 este encuentro, luego de conocer la visita que har\u00eda do\u00f1a Velva a nuestro pueblo Ca\u00f1as, y el apoyo de sus hermanas, Grace, Marta, y de Marvin hermano menor, quien hizo una linda declamaci\u00f3n po\u00e9tica. Pudimos compartir muchas vivencias con Antonio Jerez, a quien cari\u00f1osamente llamamos To\u00f1ito. Tambi\u00e9n estuvo Arnaldo Guti\u00e9rrez, y Juan Cordero. Do\u00f1a Adelita de la O, maestra ilustre, viuda de mi recordado y admirado amigo Chani Mora pas\u00f3 a saludarla. Otros entra\u00f1ables compa\u00f1eros de generaci\u00f3n. Podr\u00eda haber estado m\u00e1s gente pero fueron pocas horas las que ten\u00edamos para organizarnos.<\/p>\n<p>Velva Taylor tuvo unas cari\u00f1osas palabras de agradecimiento, en muy buen espa\u00f1ol. Tambi\u00e9n recibi\u00f3 una llamada telef\u00f3nica de uno de los jovencitos que tuvo en su casa, Joaqu\u00edn Gerardo N\u00fa\u00f1ez Moreira, mientras no pod\u00edan volver a sus hogares debido al mal tiempo, y la falta de transporte. Ellos tampoco no olvidaron su altruismo y su entrega sin condiciones.<\/p>\n<p>Fueron muy ciertas las palabras de Edgar Porras, mi compa\u00f1ero de escuela, en las que describ\u00eda su humanismo y buen sentido de humor, y que personas as\u00ed nunca ser\u00edan olvidadas por el pueblo. La visita de do\u00f1a Velva propici\u00f3 un reencuentro de sus viejos alumnos y las memorias de entonces. Una mujer as\u00ed es inolvidable &#8220;Unforgetable memories&#8221; por sus aportes y gran cari\u00f1o, poniendo muy en alto al &#8220;Cuerpo de Paz&#8221; de esos a\u00f1os. Muchas gracias Velva, siempre te recordaremos con admiraci\u00f3n y aprecio en Ca\u00f1as. Como dijiste al despedirte que volver\u00e1s, tambi\u00e9n estaremos esper\u00e1ndote de nuevo.<\/p>\n","protected":false},"excerpt":{"rendered":"<div class=\"mh-excerpt\"><p>Ms. Velva Taylor, miembro del Cuerpo de Paz de los EEUU en su juventud, vuelve a su pueblo Ca\u00f1as, Guanacaste, luego de haber estado cumpliendo su labor humanitaria y educativa en 1965 hasta 1967. Un <a class=\"mh-excerpt-more\" href=\"https:\/\/anexioncr.com\/index.php\/2023\/08\/30\/unforgetable-memories-una-hermosa-visita-cultural\/\" title=\"&#8220;Unforgetable memories&#8221;: Una hermosa visita cultural\">[&#8230;]<\/a><\/p>\n<\/div>","protected":false},"author":1,"featured_media":1699,"comment_status":"open","ping_status":"open","sticky":false,"template":"","format":"standard","meta":{"_monsterinsights_skip_tracking":false,"_monsterinsights_sitenote_active":false,"_monsterinsights_sitenote_note":"","_monsterinsights_sitenote_category":0,"_uf_show_specific_survey":0,"_uf_disable_surveys":false,"footnotes":""},"categories":[35],"tags":[213],"class_list":{"0":"post-1698","1":"post","2":"type-post","3":"status-publish","4":"format-standard","5":"has-post-thumbnail","7":"category-cantones","8":"tag-cultura"},"_links":{"self":[{"href":"https:\/\/anexioncr.com\/index.php\/wp-json\/wp\/v2\/posts\/1698","targetHints":{"allow":["GET"]}}],"collection":[{"href":"https:\/\/anexioncr.com\/index.php\/wp-json\/wp\/v2\/posts"}],"about":[{"href":"https:\/\/anexioncr.com\/index.php\/wp-json\/wp\/v2\/types\/post"}],"author":[{"embeddable":true,"href":"https:\/\/anexioncr.com\/index.php\/wp-json\/wp\/v2\/users\/1"}],"replies":[{"embeddable":true,"href":"https:\/\/anexioncr.com\/index.php\/wp-json\/wp\/v2\/comments?post=1698"}],"version-history":[{"count":1,"href":"https:\/\/anexioncr.com\/index.php\/wp-json\/wp\/v2\/posts\/1698\/revisions"}],"predecessor-version":[{"id":1700,"href":"https:\/\/anexioncr.com\/index.php\/wp-json\/wp\/v2\/posts\/1698\/revisions\/1700"}],"wp:featuredmedia":[{"embeddable":true,"href":"https:\/\/anexioncr.com\/index.php\/wp-json\/wp\/v2\/media\/1699"}],"wp:attachment":[{"href":"https:\/\/anexioncr.com\/index.php\/wp-json\/wp\/v2\/media?parent=1698"}],"wp:term":[{"taxonomy":"category","embeddable":true,"href":"https:\/\/anexioncr.com\/index.php\/wp-json\/wp\/v2\/categories?post=1698"},{"taxonomy":"post_tag","embeddable":true,"href":"https:\/\/anexioncr.com\/index.php\/wp-json\/wp\/v2\/tags?post=1698"}],"curies":[{"name":"wp","href":"https:\/\/api.w.org\/{rel}","templated":true}]}}