{"id":1683,"date":"2023-08-30T15:18:33","date_gmt":"2023-08-30T21:18:33","guid":{"rendered":"https:\/\/anexioncr.com\/?p=1683"},"modified":"2023-08-30T15:18:33","modified_gmt":"2023-08-30T21:18:33","slug":"tilaran-celebro-los-100-anos-con-un-parque-bellisimo","status":"publish","type":"post","link":"https:\/\/anexioncr.com\/index.php\/2023\/08\/30\/tilaran-celebro-los-100-anos-con-un-parque-bellisimo\/","title":{"rendered":"Tilar\u00e1n celebr\u00f3 los 100 a\u00f1os con un parque bell\u00edsimo"},"content":{"rendered":"<p>Uno de los grandes regalos que recibieron los tilaranenses por el centenario de su cantonato, es la inauguraci\u00f3n del parque central, que impresiona a quienes ven una obra de arte extraordinaria.<br \/>\nEn toda la superficie se muestran las caracter\u00edsticas de los siete distritos: Tilar\u00e1n centro, Santa Rosa, El L\u00edbano, Tronadora, Tierras Morenas, Quebrada Grande y Cabeceras.<br \/>\nUn \u00e9xito municipal, bajo la gu\u00eda del alcalde Juan Pablo Barquero.<\/p>\n","protected":false},"excerpt":{"rendered":"<div class=\"mh-excerpt\"><p>Uno de los grandes regalos que recibieron los tilaranenses por el centenario de su cantonato, es la inauguraci\u00f3n del parque central, que impresiona a quienes ven una obra de arte extraordinaria. En toda la superficie <a class=\"mh-excerpt-more\" href=\"https:\/\/anexioncr.com\/index.php\/2023\/08\/30\/tilaran-celebro-los-100-anos-con-un-parque-bellisimo\/\" title=\"Tilar\u00e1n celebr\u00f3 los 100 a\u00f1os con un parque bell\u00edsimo\">[&#8230;]<\/a><\/p>\n<\/div>","protected":false},"author":1,"featured_media":1684,"comment_status":"open","ping_status":"open","sticky":false,"template":"","format":"standard","meta":{"_monsterinsights_skip_tracking":false,"_monsterinsights_sitenote_active":false,"_monsterinsights_sitenote_note":"","_monsterinsights_sitenote_category":0,"_uf_show_specific_survey":0,"_uf_disable_surveys":false,"footnotes":""},"categories":[35],"tags":[214],"class_list":{"0":"post-1683","1":"post","2":"type-post","3":"status-publish","4":"format-standard","5":"has-post-thumbnail","7":"category-cantones","8":"tag-parque"},"_links":{"self":[{"href":"https:\/\/anexioncr.com\/index.php\/wp-json\/wp\/v2\/posts\/1683","targetHints":{"allow":["GET"]}}],"collection":[{"href":"https:\/\/anexioncr.com\/index.php\/wp-json\/wp\/v2\/posts"}],"about":[{"href":"https:\/\/anexioncr.com\/index.php\/wp-json\/wp\/v2\/types\/post"}],"author":[{"embeddable":true,"href":"https:\/\/anexioncr.com\/index.php\/wp-json\/wp\/v2\/users\/1"}],"replies":[{"embeddable":true,"href":"https:\/\/anexioncr.com\/index.php\/wp-json\/wp\/v2\/comments?post=1683"}],"version-history":[{"count":1,"href":"https:\/\/anexioncr.com\/index.php\/wp-json\/wp\/v2\/posts\/1683\/revisions"}],"predecessor-version":[{"id":1685,"href":"https:\/\/anexioncr.com\/index.php\/wp-json\/wp\/v2\/posts\/1683\/revisions\/1685"}],"wp:featuredmedia":[{"embeddable":true,"href":"https:\/\/anexioncr.com\/index.php\/wp-json\/wp\/v2\/media\/1684"}],"wp:attachment":[{"href":"https:\/\/anexioncr.com\/index.php\/wp-json\/wp\/v2\/media?parent=1683"}],"wp:term":[{"taxonomy":"category","embeddable":true,"href":"https:\/\/anexioncr.com\/index.php\/wp-json\/wp\/v2\/categories?post=1683"},{"taxonomy":"post_tag","embeddable":true,"href":"https:\/\/anexioncr.com\/index.php\/wp-json\/wp\/v2\/tags?post=1683"}],"curies":[{"name":"wp","href":"https:\/\/api.w.org\/{rel}","templated":true}]}}