{"id":1680,"date":"2023-08-30T15:16:06","date_gmt":"2023-08-30T21:16:06","guid":{"rendered":"https:\/\/anexioncr.com\/?p=1680"},"modified":"2023-08-30T15:16:06","modified_gmt":"2023-08-30T21:16:06","slug":"nago-de-nicoya-un-gran-impulsor-de-la-cultura-costarricense","status":"publish","type":"post","link":"https:\/\/anexioncr.com\/index.php\/2023\/08\/30\/nago-de-nicoya-un-gran-impulsor-de-la-cultura-costarricense\/","title":{"rendered":"Nago de Nicoya un gran impulsor de la cultura costarricense"},"content":{"rendered":"<p>Me llen\u00f3 de alegr\u00eda encontrar en Ca\u00f1as a Abdenago Torres, mejor conocido en el mundo cultural como Nago de Nicoya.<\/p>\n<p>Lo conoc\u00ed cuando a principios de los 70 fuimos compa\u00f1eros en el reci\u00e9n creado Ministerio de Cultura. Yo me fui en el &#8217;73 y \u00e9l trabaj\u00f3 con ah\u00ed desde 1972 hasta el 2008.<\/p>\n<p>El primer seminario nacional de folclore, la apertura de las Casas de la Cultura en Lim\u00f3n, Nicoya, Santa Cruz y Las Juntas de Abangares, las primeras semanas culturales del pa\u00eds y la Primer Feria de M\u00fasica nacional; son solo una peque\u00f1a muestra de sus logros.<\/p>\n<p>Nago, es tambi\u00e9n uno de los fundadores de Matamb\u00fa, una reserva ind\u00edgena Chorotega ubicada en Hojancha, Guanacaste.<\/p>\n<p>Tiene innumerables premios por su amor y dedicaci\u00f3n a preservar la m\u00fasica aut\u00f3ctona y es un excelente compositor. Desde hace varios a\u00f1os y tras una vida agitada luchando porque Costa Rica no pierda sus ra\u00edces culturales, Nago dej\u00f3 el valle Central y se refugi\u00f3 en su amada playa S\u00e1mara, donde pasa sus d\u00edas felices y recibe con frecuencia a amistades que llegan a intercambiar experiencias, con este conversador impenitente y por supuesto a rasgar la guitarra para alegrar el ambiente costero.<\/p>\n","protected":false},"excerpt":{"rendered":"<div class=\"mh-excerpt\"><p>Me llen\u00f3 de alegr\u00eda encontrar en Ca\u00f1as a Abdenago Torres, mejor conocido en el mundo cultural como Nago de Nicoya. Lo conoc\u00ed cuando a principios de los 70 fuimos compa\u00f1eros en el reci\u00e9n creado Ministerio <a class=\"mh-excerpt-more\" href=\"https:\/\/anexioncr.com\/index.php\/2023\/08\/30\/nago-de-nicoya-un-gran-impulsor-de-la-cultura-costarricense\/\" title=\"Nago de Nicoya un gran impulsor de la cultura costarricense\">[&#8230;]<\/a><\/p>\n<\/div>","protected":false},"author":1,"featured_media":1681,"comment_status":"open","ping_status":"open","sticky":false,"template":"","format":"standard","meta":{"_monsterinsights_skip_tracking":false,"_monsterinsights_sitenote_active":false,"_monsterinsights_sitenote_note":"","_monsterinsights_sitenote_category":0,"_uf_show_specific_survey":0,"_uf_disable_surveys":false,"footnotes":""},"categories":[35],"tags":[213],"class_list":{"0":"post-1680","1":"post","2":"type-post","3":"status-publish","4":"format-standard","5":"has-post-thumbnail","7":"category-cantones","8":"tag-cultura"},"_links":{"self":[{"href":"https:\/\/anexioncr.com\/index.php\/wp-json\/wp\/v2\/posts\/1680","targetHints":{"allow":["GET"]}}],"collection":[{"href":"https:\/\/anexioncr.com\/index.php\/wp-json\/wp\/v2\/posts"}],"about":[{"href":"https:\/\/anexioncr.com\/index.php\/wp-json\/wp\/v2\/types\/post"}],"author":[{"embeddable":true,"href":"https:\/\/anexioncr.com\/index.php\/wp-json\/wp\/v2\/users\/1"}],"replies":[{"embeddable":true,"href":"https:\/\/anexioncr.com\/index.php\/wp-json\/wp\/v2\/comments?post=1680"}],"version-history":[{"count":1,"href":"https:\/\/anexioncr.com\/index.php\/wp-json\/wp\/v2\/posts\/1680\/revisions"}],"predecessor-version":[{"id":1682,"href":"https:\/\/anexioncr.com\/index.php\/wp-json\/wp\/v2\/posts\/1680\/revisions\/1682"}],"wp:featuredmedia":[{"embeddable":true,"href":"https:\/\/anexioncr.com\/index.php\/wp-json\/wp\/v2\/media\/1681"}],"wp:attachment":[{"href":"https:\/\/anexioncr.com\/index.php\/wp-json\/wp\/v2\/media?parent=1680"}],"wp:term":[{"taxonomy":"category","embeddable":true,"href":"https:\/\/anexioncr.com\/index.php\/wp-json\/wp\/v2\/categories?post=1680"},{"taxonomy":"post_tag","embeddable":true,"href":"https:\/\/anexioncr.com\/index.php\/wp-json\/wp\/v2\/tags?post=1680"}],"curies":[{"name":"wp","href":"https:\/\/api.w.org\/{rel}","templated":true}]}}