{"id":1625,"date":"2023-08-24T14:34:42","date_gmt":"2023-08-24T20:34:42","guid":{"rendered":"https:\/\/anexioncr.com\/?p=1625"},"modified":"2023-08-24T14:37:20","modified_gmt":"2023-08-24T20:37:20","slug":"eric-chaves-y-dona-lidia-loaiciga-aguirre-hijo-predilecto-e-hija-ilustre-de-liberia","status":"publish","type":"post","link":"https:\/\/anexioncr.com\/index.php\/2023\/08\/24\/eric-chaves-y-dona-lidia-loaiciga-aguirre-hijo-predilecto-e-hija-ilustre-de-liberia\/","title":{"rendered":"Eric Chaves y do\u00f1a Lidia Loaiciga Aguirre, Hijo Predilecto e Hija Ilustre de Liberia"},"content":{"rendered":"<p>Un gran acierto de la Comision de Cultura de la municipalidad de Liberia, la escogencia de esas dos personas con m\u00e9ritos enormes, para inmortalizar sus nombres en la historia de su pueblo natal.<\/p>\n<p>Ese galard\u00f3n y premio merecido, ser\u00e1 entregado el 4 de setiembre a las 5 de la tarde en el sal\u00f3n de sesiones del Ayuntamiento.<\/p>\n<p>Por ahora solo dir\u00e9 que esa designaci\u00f3n es muy de mis afectos y cercan\u00eda profunda.<\/p>\n<p>El arquitecto Chaves es un profesional de grandes logros y que siempre ha luchado por la preservaci\u00f3n de los sitios hist\u00f3ricos.<\/p>\n<p>Hijo de mi querida amiga Chepita, una abnegada enfermera en el hospital doctor Enrique Baltodano Brice\u00f1o y hermano de mi inolvidable amiga y compa\u00f1era Floribeth, que fue una excelente docente y regidora municipalidad.<\/p>\n<p>Hablar de la grandeza de esp\u00edritu y amor hacia los ni\u00f1os de do\u00f1a Lidia Loaiciga de Silva.<\/p>\n<p>Es para hacer un tratado desde que hace much\u00edsimas d\u00e9cadas fue la maestra del kinder en la amada escuela Ascensi\u00f3n Esquivel, junto a su colega y amiga, do\u00f1a Elsa Cort\u00e9s.<\/p>\n<p>Ellas fueron nuestro primer contacto para salir de la ignorancia y emprender el interminable camino de aprender artes, desarrollar la mente, y descubrir un mundo maravilloso de ilusiones.<\/p>\n<p>Felicito a la regidora Lidia Cort\u00e9s, a los regidores Jos\u00e9 Dennis Baltodano y Alban Torres, por haber pensado en los grandes personajes liberianos para honrarles con los t\u00edtulos honor\u00edfico m\u00e1ximos que otorgan los gobiernos locales.<\/p>\n","protected":false},"excerpt":{"rendered":"<div class=\"mh-excerpt\"><p>Un gran acierto de la Comision de Cultura de la municipalidad de Liberia, la escogencia de esas dos personas con m\u00e9ritos enormes, para inmortalizar sus nombres en la historia de su pueblo natal. Ese galard\u00f3n <a class=\"mh-excerpt-more\" href=\"https:\/\/anexioncr.com\/index.php\/2023\/08\/24\/eric-chaves-y-dona-lidia-loaiciga-aguirre-hijo-predilecto-e-hija-ilustre-de-liberia\/\" title=\"Eric Chaves y do\u00f1a Lidia Loaiciga Aguirre, Hijo Predilecto e Hija Ilustre de Liberia\">[&#8230;]<\/a><\/p>\n<\/div>","protected":false},"author":1,"featured_media":1626,"comment_status":"open","ping_status":"open","sticky":false,"template":"","format":"standard","meta":{"_monsterinsights_skip_tracking":false,"_monsterinsights_sitenote_active":false,"_monsterinsights_sitenote_note":"","_monsterinsights_sitenote_category":0,"_uf_show_specific_survey":0,"_uf_disable_surveys":false,"footnotes":""},"categories":[35,36],"tags":[],"class_list":{"0":"post-1625","1":"post","2":"type-post","3":"status-publish","4":"format-standard","5":"has-post-thumbnail","7":"category-cantones","8":"category-destacados"},"_links":{"self":[{"href":"https:\/\/anexioncr.com\/index.php\/wp-json\/wp\/v2\/posts\/1625","targetHints":{"allow":["GET"]}}],"collection":[{"href":"https:\/\/anexioncr.com\/index.php\/wp-json\/wp\/v2\/posts"}],"about":[{"href":"https:\/\/anexioncr.com\/index.php\/wp-json\/wp\/v2\/types\/post"}],"author":[{"embeddable":true,"href":"https:\/\/anexioncr.com\/index.php\/wp-json\/wp\/v2\/users\/1"}],"replies":[{"embeddable":true,"href":"https:\/\/anexioncr.com\/index.php\/wp-json\/wp\/v2\/comments?post=1625"}],"version-history":[{"count":3,"href":"https:\/\/anexioncr.com\/index.php\/wp-json\/wp\/v2\/posts\/1625\/revisions"}],"predecessor-version":[{"id":1630,"href":"https:\/\/anexioncr.com\/index.php\/wp-json\/wp\/v2\/posts\/1625\/revisions\/1630"}],"wp:featuredmedia":[{"embeddable":true,"href":"https:\/\/anexioncr.com\/index.php\/wp-json\/wp\/v2\/media\/1626"}],"wp:attachment":[{"href":"https:\/\/anexioncr.com\/index.php\/wp-json\/wp\/v2\/media?parent=1625"}],"wp:term":[{"taxonomy":"category","embeddable":true,"href":"https:\/\/anexioncr.com\/index.php\/wp-json\/wp\/v2\/categories?post=1625"},{"taxonomy":"post_tag","embeddable":true,"href":"https:\/\/anexioncr.com\/index.php\/wp-json\/wp\/v2\/tags?post=1625"}],"curies":[{"name":"wp","href":"https:\/\/api.w.org\/{rel}","templated":true}]}}