{"id":1617,"date":"2023-07-27T09:24:44","date_gmt":"2023-07-27T15:24:44","guid":{"rendered":"https:\/\/anexioncr.com\/?p=1617"},"modified":"2023-07-27T09:24:44","modified_gmt":"2023-07-27T15:24:44","slug":"fallecio-el-famoso-pataebuey-gran-difusor-de-la-cultura-de-santa-cruz-y-mas-alla","status":"publish","type":"post","link":"https:\/\/anexioncr.com\/index.php\/2023\/07\/27\/fallecio-el-famoso-pataebuey-gran-difusor-de-la-cultura-de-santa-cruz-y-mas-alla\/","title":{"rendered":"Falleci\u00f3 el famoso Pataebuey, gran difusor de la cultura de Santa Cruz y m\u00e1s all\u00e1"},"content":{"rendered":"<p>Se apag\u00f3 recientemente la llama de la vida, de quien se llam\u00f3 Alvaro Duarte Mar\u00edn, conocido cari\u00f1osamente como Pata e Buey, hombre que le dedico m\u00e1s de cuatro d\u00e9cadas a la Cultura del pueblo, amante de las m\u00e1scaras, por todo este tiempo.<\/p>\n<p>Rescat\u00f3 y mantuvo viva la Tradici\u00f3n del Tope de Payasos, en la Ciudad Folcl\u00f3rica de Costa Rica y por m\u00e1s de 40 a\u00f1os participo en muchas Fiestas T\u00edpicas Nacionales, Fiestas de Santiago Ap\u00f3stol y en las Fiestas de los Barrios en la Bajura Guanacasteca, en varios cantones de Guanacaste y al Valle Central, llev\u00f3 alegr\u00eda y sabor con una cimarrona.<\/p>\n<p>Una persona polifac\u00e9tica y buena A sus peculiares mascaras les pon\u00eda nombre como: P\u00e1jaro Azul, El Toro, El Diablo, El Gallo, El Enano, El Drag\u00f3n, Chupeta, El Jorobado, El M y el Beb\u00e9.<\/p>\n<p>El inolvidable PateBuey dio trabajo a muchos j\u00f3venes, para que bailaran sus m\u00e1scaras en las diferentes presentaciones. De generaci\u00f3n en generaci\u00f3n, sigui\u00f3 rescatando y manteniendo viva esta tradici\u00f3n y al d\u00eda de hoy parece que no va a desaparecer.<\/p>\n<p>Hablar de los Payasos de Pateebuey, es relacionarlo con gritos, llantos, alegr\u00eda, adrenalina, susto, sabor, y pura p\u00f3lvora. Santa Cruzy\u00a0 Guanacaste perdieron un gran baluarte y uno de los Estandartes de la Cultura del Pueblo<\/p>\n<p>Alvaro Duarte tambi\u00e9n se destac\u00f3 como un gran dirigente comunal y comunicador, de modo que fue Corresponsal estrella de Telenoticias por muchos a\u00f1os.<\/p>\n<p>&nbsp;<\/p>\n<p><strong>Tomado del Facebook de Deyvi Grijalba.<\/strong><\/p>\n","protected":false},"excerpt":{"rendered":"<div class=\"mh-excerpt\"><p>Se apag\u00f3 recientemente la llama de la vida, de quien se llam\u00f3 Alvaro Duarte Mar\u00edn, conocido cari\u00f1osamente como Pata e Buey, hombre que le dedico m\u00e1s de cuatro d\u00e9cadas a la Cultura del pueblo, amante <a class=\"mh-excerpt-more\" href=\"https:\/\/anexioncr.com\/index.php\/2023\/07\/27\/fallecio-el-famoso-pataebuey-gran-difusor-de-la-cultura-de-santa-cruz-y-mas-alla\/\" title=\"Falleci\u00f3 el famoso Pataebuey, gran difusor de la cultura de Santa Cruz y m\u00e1s all\u00e1\">[&#8230;]<\/a><\/p>\n<\/div>","protected":false},"author":1,"featured_media":1618,"comment_status":"open","ping_status":"open","sticky":false,"template":"","format":"standard","meta":{"_monsterinsights_skip_tracking":false,"_monsterinsights_sitenote_active":false,"_monsterinsights_sitenote_note":"","_monsterinsights_sitenote_category":0,"_uf_show_specific_survey":0,"_uf_disable_surveys":false,"footnotes":""},"categories":[35],"tags":[],"class_list":{"0":"post-1617","1":"post","2":"type-post","3":"status-publish","4":"format-standard","5":"has-post-thumbnail","7":"category-cantones"},"_links":{"self":[{"href":"https:\/\/anexioncr.com\/index.php\/wp-json\/wp\/v2\/posts\/1617","targetHints":{"allow":["GET"]}}],"collection":[{"href":"https:\/\/anexioncr.com\/index.php\/wp-json\/wp\/v2\/posts"}],"about":[{"href":"https:\/\/anexioncr.com\/index.php\/wp-json\/wp\/v2\/types\/post"}],"author":[{"embeddable":true,"href":"https:\/\/anexioncr.com\/index.php\/wp-json\/wp\/v2\/users\/1"}],"replies":[{"embeddable":true,"href":"https:\/\/anexioncr.com\/index.php\/wp-json\/wp\/v2\/comments?post=1617"}],"version-history":[{"count":1,"href":"https:\/\/anexioncr.com\/index.php\/wp-json\/wp\/v2\/posts\/1617\/revisions"}],"predecessor-version":[{"id":1619,"href":"https:\/\/anexioncr.com\/index.php\/wp-json\/wp\/v2\/posts\/1617\/revisions\/1619"}],"wp:featuredmedia":[{"embeddable":true,"href":"https:\/\/anexioncr.com\/index.php\/wp-json\/wp\/v2\/media\/1618"}],"wp:attachment":[{"href":"https:\/\/anexioncr.com\/index.php\/wp-json\/wp\/v2\/media?parent=1617"}],"wp:term":[{"taxonomy":"category","embeddable":true,"href":"https:\/\/anexioncr.com\/index.php\/wp-json\/wp\/v2\/categories?post=1617"},{"taxonomy":"post_tag","embeddable":true,"href":"https:\/\/anexioncr.com\/index.php\/wp-json\/wp\/v2\/tags?post=1617"}],"curies":[{"name":"wp","href":"https:\/\/api.w.org\/{rel}","templated":true}]}}