{"id":1614,"date":"2023-07-27T09:21:33","date_gmt":"2023-07-27T15:21:33","guid":{"rendered":"https:\/\/anexioncr.com\/?p=1614"},"modified":"2023-07-27T09:21:33","modified_gmt":"2023-07-27T15:21:33","slug":"dos-magistrados-guanacastecos-que-se-arrollan-las-mangas-por-su-terruno","status":"publish","type":"post","link":"https:\/\/anexioncr.com\/index.php\/2023\/07\/27\/dos-magistrados-guanacastecos-que-se-arrollan-las-mangas-por-su-terruno\/","title":{"rendered":"Dos magistrados guanacastecos que se arrollan las mangas por su terru\u00f1o"},"content":{"rendered":"<p>De los 22 miembros que integran la Corte Suprema de Justicia, dos de ellos son de Guanacaste: Luis Guillermo Rivas Lo\u00e1iciga y Rub\u00e9n Gerardo Alfaro, de Liberia y Nicoya.<\/p>\n<p>Ambos trabajaron como jueces en los tribunales de la Ciudad Blanca y la Ciudad Folcl\u00f3rica, antes de dar el tremendo salto al m\u00e1ximo \u00f3rgano del Poder Judicial.<\/p>\n<p>Adem\u00e1s de cumplir con sus tareas importantes, Rivas y Alfaro, participan constantemente en actividades convocadas por entidades p\u00fablicas y privadas de Guanacaste, los fines de semana.<\/p>\n<p>En los \u00faltimos d\u00edas estuvieron en una reuni\u00f3n con ministros, diputados, alcaldes, regidores y l\u00edderes comunales, viendo la situaci\u00f3n de la violencia e inseguridad en la regi\u00f3n.<\/p>\n<p>Tambi\u00e9n estuvieron en una convocatoria de la Federaci\u00f3n de Ganaderos de Guanacaste, para analizar el robo de ganado que genera p\u00e9rdidas millonarias a los finqueros.<\/p>\n<p>Adem\u00e1s, los magistrados pamperos, fueron a Santa Cruz invitados a sesiones de trabajo relativas a la violencia juvenil.<\/p>\n<p>Rivas y Alfaro acompa\u00f1aron a mediados de julio al diputado Daniel Vargas y otras autoridades de Nicoya, para anunciar que en un fideicomiso se contempla la construcci\u00f3n de la necesaria Torre Judicial.<\/p>\n","protected":false},"excerpt":{"rendered":"<div class=\"mh-excerpt\"><p>De los 22 miembros que integran la Corte Suprema de Justicia, dos de ellos son de Guanacaste: Luis Guillermo Rivas Lo\u00e1iciga y Rub\u00e9n Gerardo Alfaro, de Liberia y Nicoya. Ambos trabajaron como jueces en los <a class=\"mh-excerpt-more\" href=\"https:\/\/anexioncr.com\/index.php\/2023\/07\/27\/dos-magistrados-guanacastecos-que-se-arrollan-las-mangas-por-su-terruno\/\" title=\"Dos magistrados guanacastecos que se arrollan las mangas por su terru\u00f1o\">[&#8230;]<\/a><\/p>\n<\/div>","protected":false},"author":1,"featured_media":1615,"comment_status":"open","ping_status":"open","sticky":false,"template":"","format":"standard","meta":{"_monsterinsights_skip_tracking":false,"_monsterinsights_sitenote_active":false,"_monsterinsights_sitenote_note":"","_monsterinsights_sitenote_category":0,"_uf_show_specific_survey":0,"_uf_disable_surveys":false,"footnotes":""},"categories":[34],"tags":[],"class_list":{"0":"post-1614","1":"post","2":"type-post","3":"status-publish","4":"format-standard","5":"has-post-thumbnail","7":"category-provincia"},"_links":{"self":[{"href":"https:\/\/anexioncr.com\/index.php\/wp-json\/wp\/v2\/posts\/1614","targetHints":{"allow":["GET"]}}],"collection":[{"href":"https:\/\/anexioncr.com\/index.php\/wp-json\/wp\/v2\/posts"}],"about":[{"href":"https:\/\/anexioncr.com\/index.php\/wp-json\/wp\/v2\/types\/post"}],"author":[{"embeddable":true,"href":"https:\/\/anexioncr.com\/index.php\/wp-json\/wp\/v2\/users\/1"}],"replies":[{"embeddable":true,"href":"https:\/\/anexioncr.com\/index.php\/wp-json\/wp\/v2\/comments?post=1614"}],"version-history":[{"count":1,"href":"https:\/\/anexioncr.com\/index.php\/wp-json\/wp\/v2\/posts\/1614\/revisions"}],"predecessor-version":[{"id":1616,"href":"https:\/\/anexioncr.com\/index.php\/wp-json\/wp\/v2\/posts\/1614\/revisions\/1616"}],"wp:featuredmedia":[{"embeddable":true,"href":"https:\/\/anexioncr.com\/index.php\/wp-json\/wp\/v2\/media\/1615"}],"wp:attachment":[{"href":"https:\/\/anexioncr.com\/index.php\/wp-json\/wp\/v2\/media?parent=1614"}],"wp:term":[{"taxonomy":"category","embeddable":true,"href":"https:\/\/anexioncr.com\/index.php\/wp-json\/wp\/v2\/categories?post=1614"},{"taxonomy":"post_tag","embeddable":true,"href":"https:\/\/anexioncr.com\/index.php\/wp-json\/wp\/v2\/tags?post=1614"}],"curies":[{"name":"wp","href":"https:\/\/api.w.org\/{rel}","templated":true}]}}