{"id":1611,"date":"2023-07-27T09:20:00","date_gmt":"2023-07-27T15:20:00","guid":{"rendered":"https:\/\/anexioncr.com\/?p=1611"},"modified":"2023-07-27T09:20:00","modified_gmt":"2023-07-27T15:20:00","slug":"al-fin-un-libro-con-las-canciones-de-hector-zuniga","status":"publish","type":"post","link":"https:\/\/anexioncr.com\/index.php\/2023\/07\/27\/al-fin-un-libro-con-las-canciones-de-hector-zuniga\/","title":{"rendered":"Al fin, un libro con las canciones de H\u00e9ctor Z\u00fa\u00f1iga"},"content":{"rendered":"<p>Todo amante de la cultura guanacasteca sabe que H\u00e9ctor Z\u00fa\u00f1iga Rovira no fue solo el autor de \u201cAmor de Temporada\u201d, sin duda su canci\u00f3n m\u00e1s conocida y admirada, sino que compuso e interpret\u00f3, con su estilo inigualable, muchas otras m\u00e1s. Imposible olvidar la bella y sonora frase \u201cLa luna alumbra ya el huell\u00f3n de la carreta\u201d, de la que nace el t\u00edtulo a una de sus mejores composiciones, o las im\u00e1genes de la pampa en \u201cEl primer aguacero\u201d o en \u201cEst\u00e1n yeguando\u201d.<\/p>\n<p>El compositor grab\u00f3 algunas de esas piezas, con su voz y su guitarra, en un solo disco que ya no se consigue, y que quien lo tiene lo atesora.\u00a0 Las nuevas generaciones dif\u00edcilmente han tenido acceso a las creaciones de este gran guanacasteco.<\/p>\n<p>Pero al fin, gracias al empe\u00f1o de su sobrina Patricia Salgado Mu\u00f1oz, la Editorial de la Universidad Estatal a Distancia (EUNED) publicar\u00e1 en septiembre un libro que recoge no solo la letra de treinta y cinco canciones, sino adem\u00e1s la m\u00fasica, trasladada al pentagrama por el maestro Allen Torres.<\/p>\n<p>De esa forma no solo se podr\u00e1 disfrutar de la evocadora poes\u00eda de las piezas, sino que int\u00e9rpretes y grupos musicales podr\u00e1n incorporarlas a su repertorio.<\/p>\n<p>La compilaci\u00f3n hecha por Salgado incluye adem\u00e1s fotograf\u00edas y documentos testimoniales, as\u00ed como aportes escritos por personas que conocieron y admiraron a Z\u00fa\u00f1iga, entre quienes se<\/p>\n<p>cuentan el escritor Santiago Porras, la maestra Amanda Quesada y el Lic. Hugo Z\u00fa\u00f1iga Clachar, sobrino del compositor. Incluye tambi\u00e9n un hermoso discurso escrito por Jos\u00e9 Joaqu\u00edn Mu\u00f1oz Bustos en su homenaje.<\/p>\n<p>Pocos compositores costarricenses, o quiz\u00e1 ninguno, han sido objeto de una publicaci\u00f3n como la que se prepara sobre H\u00e9ctor Z\u00fa\u00f1iga.\u00a0 Se trata de un significativo paso adelante en la valorizaci\u00f3n de nuestro folclore, no solo para Guanacaste sino para toda Costa Rica.<\/p>\n<p>Esperamos con ansias, y con anticipado orgullo, la aparici\u00f3n del libro bajo el sello editorial de la EUNED.\u00a0 En pocas semanas se podr\u00e1 adquirir en librer\u00edas.<\/p>\n","protected":false},"excerpt":{"rendered":"<div class=\"mh-excerpt\"><p>Todo amante de la cultura guanacasteca sabe que H\u00e9ctor Z\u00fa\u00f1iga Rovira no fue solo el autor de \u201cAmor de Temporada\u201d, sin duda su canci\u00f3n m\u00e1s conocida y admirada, sino que compuso e interpret\u00f3, con su <a class=\"mh-excerpt-more\" href=\"https:\/\/anexioncr.com\/index.php\/2023\/07\/27\/al-fin-un-libro-con-las-canciones-de-hector-zuniga\/\" title=\"Al fin, un libro con las canciones de H\u00e9ctor Z\u00fa\u00f1iga\">[&#8230;]<\/a><\/p>\n<\/div>","protected":false},"author":1,"featured_media":1612,"comment_status":"open","ping_status":"open","sticky":false,"template":"","format":"standard","meta":{"_monsterinsights_skip_tracking":false,"_monsterinsights_sitenote_active":false,"_monsterinsights_sitenote_note":"","_monsterinsights_sitenote_category":0,"_uf_show_specific_survey":0,"_uf_disable_surveys":false,"footnotes":""},"categories":[34],"tags":[],"class_list":{"0":"post-1611","1":"post","2":"type-post","3":"status-publish","4":"format-standard","5":"has-post-thumbnail","7":"category-provincia"},"_links":{"self":[{"href":"https:\/\/anexioncr.com\/index.php\/wp-json\/wp\/v2\/posts\/1611","targetHints":{"allow":["GET"]}}],"collection":[{"href":"https:\/\/anexioncr.com\/index.php\/wp-json\/wp\/v2\/posts"}],"about":[{"href":"https:\/\/anexioncr.com\/index.php\/wp-json\/wp\/v2\/types\/post"}],"author":[{"embeddable":true,"href":"https:\/\/anexioncr.com\/index.php\/wp-json\/wp\/v2\/users\/1"}],"replies":[{"embeddable":true,"href":"https:\/\/anexioncr.com\/index.php\/wp-json\/wp\/v2\/comments?post=1611"}],"version-history":[{"count":1,"href":"https:\/\/anexioncr.com\/index.php\/wp-json\/wp\/v2\/posts\/1611\/revisions"}],"predecessor-version":[{"id":1613,"href":"https:\/\/anexioncr.com\/index.php\/wp-json\/wp\/v2\/posts\/1611\/revisions\/1613"}],"wp:featuredmedia":[{"embeddable":true,"href":"https:\/\/anexioncr.com\/index.php\/wp-json\/wp\/v2\/media\/1612"}],"wp:attachment":[{"href":"https:\/\/anexioncr.com\/index.php\/wp-json\/wp\/v2\/media?parent=1611"}],"wp:term":[{"taxonomy":"category","embeddable":true,"href":"https:\/\/anexioncr.com\/index.php\/wp-json\/wp\/v2\/categories?post=1611"},{"taxonomy":"post_tag","embeddable":true,"href":"https:\/\/anexioncr.com\/index.php\/wp-json\/wp\/v2\/tags?post=1611"}],"curies":[{"name":"wp","href":"https:\/\/api.w.org\/{rel}","templated":true}]}}