{"id":1567,"date":"2023-07-26T09:47:07","date_gmt":"2023-07-26T15:47:07","guid":{"rendered":"https:\/\/anexioncr.com\/?p=1567"},"modified":"2023-07-26T09:47:07","modified_gmt":"2023-07-26T15:47:07","slug":"primeros-pasos-de-abangares-cacique-avancari","status":"publish","type":"post","link":"https:\/\/anexioncr.com\/index.php\/2023\/07\/26\/primeros-pasos-de-abangares-cacique-avancari\/","title":{"rendered":"Primeros pasos de Abangares: Cacique Avancari"},"content":{"rendered":"<p>Hoy sigue siendo tiempo de recordar lo nuestro. El 4 de junio es el aniversario de la fundaci\u00f3n de nuestro terru\u00f1o. Tierra ancestral que con sus r\u00edos, monta\u00f1as y quebradas, fue recorrida por abor\u00edgenes del cacicazgo de Avancari, Se\u00f1or de las Aguas y los Esteros, en lengua n\u00e1huatl.<\/p>\n<p>Las cr\u00f3nicas coloniales se refieren al valiente guerrero, pues en 1522 el conquistador Gil Gonz\u00e1lez D\u00e1vila visit\u00f3 sus dominios en el sector actual de Abangaritos, en sus recorridos por el litoral Pac\u00edfico de nuestro pa\u00eds.<\/p>\n<p>Existi\u00f3 en esa \u00e9poca de la Conquista del territorio una reducci\u00f3n ind\u00edgena en la zona, con el fin de dominar a las tribus establecidas. Esto porque los ind\u00edgenas hu\u00edan por las monta\u00f1as y era necesario lograr reunirlos para catequizarlos. Hablamos de la \u00e9poca\u00a0 de inicios de los a\u00f1os 1600\u2026<\/p>\n<p>Los extensos territorios de Avancari, abarcaron desde la costa hasta las monta\u00f1as, todo lo que ahora es Abangares. Testimonio de ello, son los enterramientos que la gente com\u00fanmente llama huacas: tinajas, comales, objetos de piedra, especialmente los metates o piedras de moler granos como el ma\u00edz, se encuentran en las tierras bajas, las medias y las serran\u00edas.<\/p>\n<p>En algunas fincas es posible encontrar petroglifos, con dibujos e inscripciones, que demuestran la presencia de los que nos precedieron en estas tierras. Han pasado cientos de a\u00f1os, desde que los poblados abor\u00edgenes desaparecieron por el impacto de la colonizaci\u00f3n, especialmente cuando los hombres eran llevados en barcos por el Golfo de Nicoya y el Oc\u00e9ano Pac\u00edfico como esclavos a trabajar en las minas de Per\u00fa. D\u00edas de desesperaci\u00f3n vivieron tanto ellos como sus familias\u2026 \u00e9pocas de dolor y ausencia.<\/p>\n<p>Barrido de especies como el palo Brasil, extinto en Guanacaste, porque los bosques de esta especie fueron llevados en balsas hacia otros destinos, por su apreciada madera. No solamente el impacto de las enfermedades diezm\u00f3 la poblaci\u00f3n, sino la angustia de perder su entorno.<\/p>\n<p>Avancari jam\u00e1s ser\u00e1 olvidado. Es nuestro sello de identidad y se ve manifiesto en el uso de su nombre por los lugare\u00f1os, para lucirlo en sus negocios.<\/p>\n<p>Por eso hoy, rendimos tributo justo a su memoria, en este cant\u00f3n que hered\u00f3 su nombre. Orgullo de nuestra sangre chorotega. Imagen con fines ilustrativos.<\/p>\n","protected":false},"excerpt":{"rendered":"<div class=\"mh-excerpt\"><p>Hoy sigue siendo tiempo de recordar lo nuestro. El 4 de junio es el aniversario de la fundaci\u00f3n de nuestro terru\u00f1o. Tierra ancestral que con sus r\u00edos, monta\u00f1as y quebradas, fue recorrida por abor\u00edgenes del <a class=\"mh-excerpt-more\" href=\"https:\/\/anexioncr.com\/index.php\/2023\/07\/26\/primeros-pasos-de-abangares-cacique-avancari\/\" title=\"Primeros pasos de Abangares: Cacique Avancari\">[&#8230;]<\/a><\/p>\n<\/div>","protected":false},"author":1,"featured_media":1568,"comment_status":"open","ping_status":"open","sticky":false,"template":"","format":"standard","meta":{"_monsterinsights_skip_tracking":false,"_monsterinsights_sitenote_active":false,"_monsterinsights_sitenote_note":"","_monsterinsights_sitenote_category":0,"_uf_show_specific_survey":0,"_uf_disable_surveys":false,"footnotes":""},"categories":[34],"tags":[],"class_list":{"0":"post-1567","1":"post","2":"type-post","3":"status-publish","4":"format-standard","5":"has-post-thumbnail","7":"category-provincia"},"_links":{"self":[{"href":"https:\/\/anexioncr.com\/index.php\/wp-json\/wp\/v2\/posts\/1567","targetHints":{"allow":["GET"]}}],"collection":[{"href":"https:\/\/anexioncr.com\/index.php\/wp-json\/wp\/v2\/posts"}],"about":[{"href":"https:\/\/anexioncr.com\/index.php\/wp-json\/wp\/v2\/types\/post"}],"author":[{"embeddable":true,"href":"https:\/\/anexioncr.com\/index.php\/wp-json\/wp\/v2\/users\/1"}],"replies":[{"embeddable":true,"href":"https:\/\/anexioncr.com\/index.php\/wp-json\/wp\/v2\/comments?post=1567"}],"version-history":[{"count":1,"href":"https:\/\/anexioncr.com\/index.php\/wp-json\/wp\/v2\/posts\/1567\/revisions"}],"predecessor-version":[{"id":1569,"href":"https:\/\/anexioncr.com\/index.php\/wp-json\/wp\/v2\/posts\/1567\/revisions\/1569"}],"wp:featuredmedia":[{"embeddable":true,"href":"https:\/\/anexioncr.com\/index.php\/wp-json\/wp\/v2\/media\/1568"}],"wp:attachment":[{"href":"https:\/\/anexioncr.com\/index.php\/wp-json\/wp\/v2\/media?parent=1567"}],"wp:term":[{"taxonomy":"category","embeddable":true,"href":"https:\/\/anexioncr.com\/index.php\/wp-json\/wp\/v2\/categories?post=1567"},{"taxonomy":"post_tag","embeddable":true,"href":"https:\/\/anexioncr.com\/index.php\/wp-json\/wp\/v2\/tags?post=1567"}],"curies":[{"name":"wp","href":"https:\/\/api.w.org\/{rel}","templated":true}]}}