{"id":1508,"date":"2023-07-03T12:06:23","date_gmt":"2023-07-03T18:06:23","guid":{"rendered":"https:\/\/anexioncr.com\/?p=1508"},"modified":"2023-07-03T12:06:23","modified_gmt":"2023-07-03T18:06:23","slug":"costa-rica-avanza-en-uso-de-energia-eolica-marina-del-pacifico-norte","status":"publish","type":"post","link":"https:\/\/anexioncr.com\/index.php\/2023\/07\/03\/costa-rica-avanza-en-uso-de-energia-eolica-marina-del-pacifico-norte\/","title":{"rendered":"Costa Rica avanza en uso de energ\u00eda e\u00f3lica  marina del Pac\u00edfico Norte"},"content":{"rendered":"<p>El Instituto Costarricense de Electricidad (ICE), avanza en el an\u00e1lisis del recurso e\u00f3lico marino del Pac\u00edfico Norte de Costa Rica, necesario para la generaci\u00f3n con esta fuente, inform\u00f3 hoy esa entidad.<\/p>\n<p>Junto al Banco Centroamericano de Integraci\u00f3n Econ\u00f3mica (BCIE), ambas organizaciones han recopilado datos oce\u00e1nicos, socioecon\u00f3micos y ambientales, como base para analizar el recurso e\u00f3lico offshore disponible.<\/p>\n<p>La investigaci\u00f3n est\u00e1 a cargo de un equipo multidisciplinario de especialistas internacionales, bajo la firma Offshore Wind Consultants (OWC). Cuenta con el apoyo del ICE y la participaci\u00f3n de la academia nacional, organizaciones p\u00fablicas y ONG vinculadas con la zona marino costera.<\/p>\n<p>Explorar este recurso es esencial para la electrificaci\u00f3n renovable de la econom\u00eda, y adem\u00e1s agrega valor e inversi\u00f3n en \u00e1reas costeras. El pa\u00eds posee una matriz de recursos sostenibles, que debe crecer para generar empleos y potenciar la econom\u00eda de las zonas rurales, indic\u00f3 Harold Cordero, gerente general del ICE.<\/p>\n<p><strong>Energ\u00edas verdes limpias<\/strong><\/p>\n<p>Como parte de las tareas, se valoraron las condiciones meteorol\u00f3gicas y oce\u00e1nicas de la regi\u00f3n. Tambi\u00e9n se trabaj\u00f3 en el dise\u00f1o de un sistema de monitoreo con boyas y sat\u00e9lites que recolectar\u00e1n datos y servir\u00e1n para evaluar la infraestructura local.<\/p>\n<p>\u00c1lvaro Alfaro, jefe de pa\u00eds del BCIE en Costa Rica, indic\u00f3 que \u201ccomo aliado del ICE, en el BCIE estamos entusiasmados con el avance de los estudios, que cuentan con el apoyo de la Rep\u00fablica de Corea, l\u00edder en tecnolog\u00eda y energ\u00eda renovable.<\/p>\n<p>La incorporaci\u00f3n de la energ\u00eda e\u00f3lica marina en el pa\u00eds tiene el potencial de reactivar la econom\u00eda y aumentar la diversificaci\u00f3n de las fuentes; adem\u00e1s, mejorar\u00e1 los mercados el\u00e9ctricos y nos prepara para el aumento en la demanda de recursos, explic\u00f3.<\/p>\n<p>Costa Rica es referente regional en la generaci\u00f3n de energ\u00eda el\u00e9ctrica con fuentes limpias. Este proyecto refuerza el compromiso del pa\u00eds y el del BCIE como el Banco Verde de la regi\u00f3n, manifest\u00f3 Erwen Mas\u00eds, director de Costa Rica ante el BCIE.<\/p>\n<p>&nbsp;<\/p>\n<p>&nbsp;<\/p>\n<p><strong>Fuente. El Pa\u00eds CR.<\/strong><\/p>\n","protected":false},"excerpt":{"rendered":"<div class=\"mh-excerpt\"><p>El Instituto Costarricense de Electricidad (ICE), avanza en el an\u00e1lisis del recurso e\u00f3lico marino del Pac\u00edfico Norte de Costa Rica, necesario para la generaci\u00f3n con esta fuente, inform\u00f3 hoy esa entidad. Junto al Banco Centroamericano <a class=\"mh-excerpt-more\" href=\"https:\/\/anexioncr.com\/index.php\/2023\/07\/03\/costa-rica-avanza-en-uso-de-energia-eolica-marina-del-pacifico-norte\/\" title=\"Costa Rica avanza en uso de energ\u00eda e\u00f3lica  marina del Pac\u00edfico Norte\">[&#8230;]<\/a><\/p>\n<\/div>","protected":false},"author":1,"featured_media":1509,"comment_status":"open","ping_status":"open","sticky":false,"template":"","format":"standard","meta":{"_monsterinsights_skip_tracking":false,"_monsterinsights_sitenote_active":false,"_monsterinsights_sitenote_note":"","_monsterinsights_sitenote_category":0,"_uf_show_specific_survey":0,"_uf_disable_surveys":false,"footnotes":""},"categories":[36,33],"tags":[],"class_list":{"0":"post-1508","1":"post","2":"type-post","3":"status-publish","4":"format-standard","5":"has-post-thumbnail","7":"category-destacados","8":"category-nacionales"},"_links":{"self":[{"href":"https:\/\/anexioncr.com\/index.php\/wp-json\/wp\/v2\/posts\/1508","targetHints":{"allow":["GET"]}}],"collection":[{"href":"https:\/\/anexioncr.com\/index.php\/wp-json\/wp\/v2\/posts"}],"about":[{"href":"https:\/\/anexioncr.com\/index.php\/wp-json\/wp\/v2\/types\/post"}],"author":[{"embeddable":true,"href":"https:\/\/anexioncr.com\/index.php\/wp-json\/wp\/v2\/users\/1"}],"replies":[{"embeddable":true,"href":"https:\/\/anexioncr.com\/index.php\/wp-json\/wp\/v2\/comments?post=1508"}],"version-history":[{"count":1,"href":"https:\/\/anexioncr.com\/index.php\/wp-json\/wp\/v2\/posts\/1508\/revisions"}],"predecessor-version":[{"id":1510,"href":"https:\/\/anexioncr.com\/index.php\/wp-json\/wp\/v2\/posts\/1508\/revisions\/1510"}],"wp:featuredmedia":[{"embeddable":true,"href":"https:\/\/anexioncr.com\/index.php\/wp-json\/wp\/v2\/media\/1509"}],"wp:attachment":[{"href":"https:\/\/anexioncr.com\/index.php\/wp-json\/wp\/v2\/media?parent=1508"}],"wp:term":[{"taxonomy":"category","embeddable":true,"href":"https:\/\/anexioncr.com\/index.php\/wp-json\/wp\/v2\/categories?post=1508"},{"taxonomy":"post_tag","embeddable":true,"href":"https:\/\/anexioncr.com\/index.php\/wp-json\/wp\/v2\/tags?post=1508"}],"curies":[{"name":"wp","href":"https:\/\/api.w.org\/{rel}","templated":true}]}}