{"id":1505,"date":"2023-07-03T12:04:43","date_gmt":"2023-07-03T18:04:43","guid":{"rendered":"https:\/\/anexioncr.com\/?p=1505"},"modified":"2023-07-03T12:05:21","modified_gmt":"2023-07-03T18:05:21","slug":"volvio-el-cultivo-de-algodon-en-canas-y-la-palma-de-abangares","status":"publish","type":"post","link":"https:\/\/anexioncr.com\/index.php\/2023\/07\/03\/volvio-el-cultivo-de-algodon-en-canas-y-la-palma-de-abangares\/","title":{"rendered":"Volvi\u00f3 el cultivo de algod\u00f3n en Ca\u00f1as y  La Palma de Abangares"},"content":{"rendered":"<p>\u00a1Qu\u00e9 gusto da saber que se ha seguido con la siembra de algod\u00f3n,\u00a0 pues genera empleo en los habitantes de esas zonas!<\/p>\n<p>Se dice que el algod\u00f3n es originario de la India. Existen m\u00e1s de 40 especies de algod\u00f3n, s\u00f3lo cuatro con valor comercial.<\/p>\n<p>Se siembra en climas muy c\u00e1lidos, necesita agua de lluvia moderada o riego; tolera la sal y la sequ\u00eda. Por lo tanto, se puede sembrar en suelos \u00e1ridos o semi\u00e1ridos.<\/p>\n<p>Tarda entre 150 a 180 d\u00edas para su maduraci\u00f3n. China necesita el 40% de la producci\u00f3n mundial de algod\u00f3n. Algunos usos: alimento del ganado, se obtiene aceite comestible y en cosm\u00e9ticos y biocombustible entre otros<\/p>\n<p>-El principal uso que se le da es la fibra que es el textil natural m\u00e1s importante del mundo.<\/p>\n<p>Entre el mes de julio y agosto, las plantaciones de algod\u00f3n parecen campos nevados. S\u00ed, son los m\u00e1gicos copos blancos que dan sustento en muchos hogares<\/p>\n<p>Los copitos blancos nos recuerdan las cortas de algod\u00f3n que se dieron en Liberia y Filadelfia por la \u00e9poca de los a\u00f1os 40. Hoy, en La Palma de Abangares exalumnos de la escuela La Palma laboran en ese grandioso proyecto, como es el caso de Antonio Rojas llamado\u201d To\u00f1ito\u201d, jefe de una cuadrilla.<\/p>\n<p>La Compa\u00f1\u00eda BAYER de origen alem\u00e1n, es la impulsora que est\u00e1 enfocada a la \u201cciencia de la vida\u201d (salud y agro), va a la vanguardia en la tecnolog\u00eda e innovaci\u00f3n para el desarrollo de productos y soluciones que brindan una vida mejor a millones de personas alrededor del mundo.<\/p>\n<p>El gerente Adri\u00e1n Vargas de la estaci\u00f3n se\u00f1al\u00f3 que Bayer trabajan para brindar soluciones a la medida de los agricultores, para que tengan las herramientas que necesitan y puedan manejar los recursos de manera sustentable y mejorar su productividad. Los tres compromisos de sostenibilidad de la compa\u00f1\u00eda son:<\/p>\n<p>1\u2014Reducci\u00f3n de emisiones de gases de efecto invernadero en campo en un 30 %, 2\u2014La reducci\u00f3n de un 30 % del impacto ambiental permitiendo con nuevas tecnolog\u00edas el beneficio y protecci\u00f3n del agua, el suelo y el medio ambiente.<\/p>\n<p>En Ca\u00f1as: La Estaci\u00f3n de I&amp;D en semillas desarrolla diversos proyectos para ayudar al cumplimiento de los compromisos globales de BAYER, promoviendo mejoras agr\u00edcolas en sus fincas y planta de proceso.<\/p>\n<p>En La Palma de Abangares: la Compa\u00f1\u00eda opera bajo ambientes protegidos, lo que reduce el uso de proyectantes de cultivo y permite un manejo m\u00e1s racional del agua.<\/p>\n<p>Adem\u00e1s, cuentan con investigaciones en plantas que fomentan y \/o repelan algunas plagas que atacan al algod\u00f3n. Buenas pr\u00e1cticas agr\u00edcolas, manejo integrado de plagas, procesos que promueven el manejo adecuado de suelos, entre otros.<\/p>\n<p>&nbsp;<\/p>\n","protected":false},"excerpt":{"rendered":"<div class=\"mh-excerpt\"><p>\u00a1Qu\u00e9 gusto da saber que se ha seguido con la siembra de algod\u00f3n,\u00a0 pues genera empleo en los habitantes de esas zonas! Se dice que el algod\u00f3n es originario de la India. Existen m\u00e1s de <a class=\"mh-excerpt-more\" href=\"https:\/\/anexioncr.com\/index.php\/2023\/07\/03\/volvio-el-cultivo-de-algodon-en-canas-y-la-palma-de-abangares\/\" title=\"Volvi\u00f3 el cultivo de algod\u00f3n en Ca\u00f1as y  La Palma de Abangares\">[&#8230;]<\/a><\/p>\n<\/div>","protected":false},"author":1,"featured_media":1506,"comment_status":"open","ping_status":"open","sticky":false,"template":"","format":"standard","meta":{"_monsterinsights_skip_tracking":false,"_monsterinsights_sitenote_active":false,"_monsterinsights_sitenote_note":"","_monsterinsights_sitenote_category":0,"_uf_show_specific_survey":0,"_uf_disable_surveys":false,"footnotes":""},"categories":[34],"tags":[],"class_list":{"0":"post-1505","1":"post","2":"type-post","3":"status-publish","4":"format-standard","5":"has-post-thumbnail","7":"category-provincia"},"_links":{"self":[{"href":"https:\/\/anexioncr.com\/index.php\/wp-json\/wp\/v2\/posts\/1505","targetHints":{"allow":["GET"]}}],"collection":[{"href":"https:\/\/anexioncr.com\/index.php\/wp-json\/wp\/v2\/posts"}],"about":[{"href":"https:\/\/anexioncr.com\/index.php\/wp-json\/wp\/v2\/types\/post"}],"author":[{"embeddable":true,"href":"https:\/\/anexioncr.com\/index.php\/wp-json\/wp\/v2\/users\/1"}],"replies":[{"embeddable":true,"href":"https:\/\/anexioncr.com\/index.php\/wp-json\/wp\/v2\/comments?post=1505"}],"version-history":[{"count":1,"href":"https:\/\/anexioncr.com\/index.php\/wp-json\/wp\/v2\/posts\/1505\/revisions"}],"predecessor-version":[{"id":1507,"href":"https:\/\/anexioncr.com\/index.php\/wp-json\/wp\/v2\/posts\/1505\/revisions\/1507"}],"wp:featuredmedia":[{"embeddable":true,"href":"https:\/\/anexioncr.com\/index.php\/wp-json\/wp\/v2\/media\/1506"}],"wp:attachment":[{"href":"https:\/\/anexioncr.com\/index.php\/wp-json\/wp\/v2\/media?parent=1505"}],"wp:term":[{"taxonomy":"category","embeddable":true,"href":"https:\/\/anexioncr.com\/index.php\/wp-json\/wp\/v2\/categories?post=1505"},{"taxonomy":"post_tag","embeddable":true,"href":"https:\/\/anexioncr.com\/index.php\/wp-json\/wp\/v2\/tags?post=1505"}],"curies":[{"name":"wp","href":"https:\/\/api.w.org\/{rel}","templated":true}]}}