{"id":1467,"date":"2023-06-25T18:23:28","date_gmt":"2023-06-26T00:23:28","guid":{"rendered":"https:\/\/anexioncr.com\/?p=1467"},"modified":"2023-06-25T18:23:28","modified_gmt":"2023-06-26T00:23:28","slug":"empresa-guanacasteca-autorizada-para-cultivo-de-cannabis-medicinal","status":"publish","type":"post","link":"https:\/\/anexioncr.com\/index.php\/2023\/06\/25\/empresa-guanacasteca-autorizada-para-cultivo-de-cannabis-medicinal\/","title":{"rendered":"Empresa guanacasteca autorizada para cultivo  de cannabis medicinal"},"content":{"rendered":"<p><strong><em>\u00a0La experiencia se desarrollar\u00e1 en tierras del cant\u00f3n de Carrillo\u00a0<\/em><\/strong><\/p>\n<p>El ministro de Agricultura y Ganader\u00eda, V\u00edctor Julio Carvajal Porras, firm\u00f3 la resoluci\u00f3n que autoriza el primer proyecto para el aprovechamiento del cannabis psicoativo o medicinal.<\/p>\n<p>Se trata de la solicitud planteada por la empresa Azul Wellness S.A. de capital costarricense, la cual desarrollar\u00e1 el proyecto de cultivo y procesamiento de cannabis en un \u00e1rea de 800 metros cuadrados de invernadero en tierras aleda\u00f1as a Azucarera El Viejo,\u00a0 en las afueras de Filadelfia.<\/p>\n<p>La compa\u00f1\u00eda iniciar\u00e1 su proyecto con el cultivo de dos variedades promisorias de cannabis psicoactivo, con el objetivo de exportar material vegetal.<\/p>\n<p>A la fecha el MAG ha autorizado nueve permisos, ocho autorizaciones para c\u00e1\u00f1amo y una licencia para cannabis psicoactivo o medicinal. De igual manera, se encuentran en proceso de evaluaci\u00f3n dos solicitudes de autorizaci\u00f3n para la siembra y procesamiento de c\u00e1\u00f1amo y una licencia para cannabis medicinal.<\/p>\n<p>El Ministerio de Agricultura y Ganader\u00eda, MAG, recuerda a todas las personas interesadas en cultivar c\u00e1\u00f1amo o cannabis que los tr\u00e1mites para gestionar la autorizaci\u00f3n para siembra se realizan directamente ante la Direcci\u00f3n Nacional de Extensi\u00f3n Agropecuaria del MAG y son gratuitos.<\/p>\n","protected":false},"excerpt":{"rendered":"<div class=\"mh-excerpt\"><p>\u00a0La experiencia se desarrollar\u00e1 en tierras del cant\u00f3n de Carrillo\u00a0 El ministro de Agricultura y Ganader\u00eda, V\u00edctor Julio Carvajal Porras, firm\u00f3 la resoluci\u00f3n que autoriza el primer proyecto para el aprovechamiento del cannabis psicoativo o <a class=\"mh-excerpt-more\" href=\"https:\/\/anexioncr.com\/index.php\/2023\/06\/25\/empresa-guanacasteca-autorizada-para-cultivo-de-cannabis-medicinal\/\" title=\"Empresa guanacasteca autorizada para cultivo  de cannabis medicinal\">[&#8230;]<\/a><\/p>\n<\/div>","protected":false},"author":1,"featured_media":1468,"comment_status":"open","ping_status":"open","sticky":false,"template":"","format":"standard","meta":{"_monsterinsights_skip_tracking":false,"_monsterinsights_sitenote_active":false,"_monsterinsights_sitenote_note":"","_monsterinsights_sitenote_category":0,"_uf_show_specific_survey":0,"_uf_disable_surveys":false,"footnotes":""},"categories":[34],"tags":[],"class_list":{"0":"post-1467","1":"post","2":"type-post","3":"status-publish","4":"format-standard","5":"has-post-thumbnail","7":"category-provincia"},"_links":{"self":[{"href":"https:\/\/anexioncr.com\/index.php\/wp-json\/wp\/v2\/posts\/1467","targetHints":{"allow":["GET"]}}],"collection":[{"href":"https:\/\/anexioncr.com\/index.php\/wp-json\/wp\/v2\/posts"}],"about":[{"href":"https:\/\/anexioncr.com\/index.php\/wp-json\/wp\/v2\/types\/post"}],"author":[{"embeddable":true,"href":"https:\/\/anexioncr.com\/index.php\/wp-json\/wp\/v2\/users\/1"}],"replies":[{"embeddable":true,"href":"https:\/\/anexioncr.com\/index.php\/wp-json\/wp\/v2\/comments?post=1467"}],"version-history":[{"count":1,"href":"https:\/\/anexioncr.com\/index.php\/wp-json\/wp\/v2\/posts\/1467\/revisions"}],"predecessor-version":[{"id":1469,"href":"https:\/\/anexioncr.com\/index.php\/wp-json\/wp\/v2\/posts\/1467\/revisions\/1469"}],"wp:featuredmedia":[{"embeddable":true,"href":"https:\/\/anexioncr.com\/index.php\/wp-json\/wp\/v2\/media\/1468"}],"wp:attachment":[{"href":"https:\/\/anexioncr.com\/index.php\/wp-json\/wp\/v2\/media?parent=1467"}],"wp:term":[{"taxonomy":"category","embeddable":true,"href":"https:\/\/anexioncr.com\/index.php\/wp-json\/wp\/v2\/categories?post=1467"},{"taxonomy":"post_tag","embeddable":true,"href":"https:\/\/anexioncr.com\/index.php\/wp-json\/wp\/v2\/tags?post=1467"}],"curies":[{"name":"wp","href":"https:\/\/api.w.org\/{rel}","templated":true}]}}