{"id":1461,"date":"2023-06-25T18:04:39","date_gmt":"2023-06-26T00:04:39","guid":{"rendered":"https:\/\/anexioncr.com\/?p=1461"},"modified":"2023-06-25T18:04:39","modified_gmt":"2023-06-26T00:04:39","slug":"nino-de-belen-se-corono-campeon-nacional-de-campo-traviesa","status":"publish","type":"post","link":"https:\/\/anexioncr.com\/index.php\/2023\/06\/25\/nino-de-belen-se-corono-campeon-nacional-de-campo-traviesa\/","title":{"rendered":"Ni\u00f1o de Bel\u00e9n se coron\u00f3 Campe\u00f3n  Nacional de Campo Traviesa"},"content":{"rendered":"<p>Con pundonor y disciplina deportiva, el ni\u00f1o Mathias Chen Li, super\u00f3 a otros menores que participaron en una competencia a escala nacional y con ello puso muy en alto, a la escuela L\u00edder Esta haza\u00f1a demuestra que no existen fronteras en el deporte a la hora de demostrar las\u00a0cualidades y condiciones atl\u00e9ticas, de un ni\u00f1o de zona rural que lucha por desplazar a sus rivales del campo y la ciudad.<\/p>\n<p>Para lograr ese ansiado t\u00edtulo, el menor puso en pr\u00e1ctica las ense\u00f1anzas de su profesor de Educaci\u00f3n F\u00edsica, Javier Mac Donald Angulo Ram\u00edrez.<\/p>\n<p>Con esa marca de excelencia deportiva, a Chen Li se le abren las puertas de llegar a ser un gran exponente de la rama del Campo Traviesa en el pa\u00eds. Fuente Facebook.<\/p>\n","protected":false},"excerpt":{"rendered":"<div class=\"mh-excerpt\"><p>Con pundonor y disciplina deportiva, el ni\u00f1o Mathias Chen Li, super\u00f3 a otros menores que participaron en una competencia a escala nacional y con ello puso muy en alto, a la escuela L\u00edder Esta haza\u00f1a <a class=\"mh-excerpt-more\" href=\"https:\/\/anexioncr.com\/index.php\/2023\/06\/25\/nino-de-belen-se-corono-campeon-nacional-de-campo-traviesa\/\" title=\"Ni\u00f1o de Bel\u00e9n se coron\u00f3 Campe\u00f3n  Nacional de Campo Traviesa\">[&#8230;]<\/a><\/p>\n<\/div>","protected":false},"author":1,"featured_media":1462,"comment_status":"open","ping_status":"open","sticky":false,"template":"","format":"standard","meta":{"_monsterinsights_skip_tracking":false,"_monsterinsights_sitenote_active":false,"_monsterinsights_sitenote_note":"","_monsterinsights_sitenote_category":0,"_uf_show_specific_survey":0,"_uf_disable_surveys":false,"footnotes":""},"categories":[34],"tags":[],"class_list":{"0":"post-1461","1":"post","2":"type-post","3":"status-publish","4":"format-standard","5":"has-post-thumbnail","7":"category-provincia"},"_links":{"self":[{"href":"https:\/\/anexioncr.com\/index.php\/wp-json\/wp\/v2\/posts\/1461","targetHints":{"allow":["GET"]}}],"collection":[{"href":"https:\/\/anexioncr.com\/index.php\/wp-json\/wp\/v2\/posts"}],"about":[{"href":"https:\/\/anexioncr.com\/index.php\/wp-json\/wp\/v2\/types\/post"}],"author":[{"embeddable":true,"href":"https:\/\/anexioncr.com\/index.php\/wp-json\/wp\/v2\/users\/1"}],"replies":[{"embeddable":true,"href":"https:\/\/anexioncr.com\/index.php\/wp-json\/wp\/v2\/comments?post=1461"}],"version-history":[{"count":1,"href":"https:\/\/anexioncr.com\/index.php\/wp-json\/wp\/v2\/posts\/1461\/revisions"}],"predecessor-version":[{"id":1463,"href":"https:\/\/anexioncr.com\/index.php\/wp-json\/wp\/v2\/posts\/1461\/revisions\/1463"}],"wp:featuredmedia":[{"embeddable":true,"href":"https:\/\/anexioncr.com\/index.php\/wp-json\/wp\/v2\/media\/1462"}],"wp:attachment":[{"href":"https:\/\/anexioncr.com\/index.php\/wp-json\/wp\/v2\/media?parent=1461"}],"wp:term":[{"taxonomy":"category","embeddable":true,"href":"https:\/\/anexioncr.com\/index.php\/wp-json\/wp\/v2\/categories?post=1461"},{"taxonomy":"post_tag","embeddable":true,"href":"https:\/\/anexioncr.com\/index.php\/wp-json\/wp\/v2\/tags?post=1461"}],"curies":[{"name":"wp","href":"https:\/\/api.w.org\/{rel}","templated":true}]}}