{"id":1456,"date":"2023-06-25T18:00:39","date_gmt":"2023-06-26T00:00:39","guid":{"rendered":"https:\/\/anexioncr.com\/?p=1456"},"modified":"2023-06-25T18:00:39","modified_gmt":"2023-06-26T00:00:39","slug":"mainor-diaz-rompe-record-y-si-es-gallo-en-su-patio","status":"publish","type":"post","link":"https:\/\/anexioncr.com\/index.php\/2023\/06\/25\/mainor-diaz-rompe-record-y-si-es-gallo-en-su-patio\/","title":{"rendered":"Mainor D\u00edaz, rompe r\u00e9cord y Si  es gallo en su patio"},"content":{"rendered":"<p>En un lapso de tres a\u00f1os, Mainor D\u00edaz, rompi\u00f3 en mil pedazos el mito que \u201cnadie es gallo en su patio\u201d, al llevar a la primera divisi\u00f3n del f\u00fatbol tico a la Asociaci\u00f3n Deportiva Guanacasteca (ADG) y ahora al Municipal Liberia.<\/p>\n<p>Este nicoyano, oriundo de la comunidad de Acoyapa, sali\u00f3 de su pueblo hace varios a\u00f1os en virtud de su talento, destreza y olfato de goool, para jugar con \u00e9xito en varios clubes del balompi\u00e9 mayor y ganarse una fama que est\u00e1 en las estad\u00edsticas.<\/p>\n<p>Pese a que ten\u00eda cuerda para seguir jugando, opt\u00f3 por salir y meterse a estudiar en la carrera de Entrenador, con lo cual combinaba la teor\u00eda con la pr\u00e1ctica en los terrenos de juego.<\/p>\n<p>De modo que asumi\u00f3 en la ADG y lo pas\u00f3 de segunda a primera, donde por cierto no se le reconoci\u00f3 ese \u00e9xito, ya que poco tiempo despu\u00e9s fue cesado por malos resultados temporales.<\/p>\n<p>Y luego lleg\u00f3 a Liberia hace pocos\u00a0a\u00f1os, para hacer un trabajo minucioso que lo llev\u00f3 a alzar la Copa de Campe\u00f3n del 2022.<\/p>\n<p>\u201cDios me dio la bendici\u00f3n de clasificar a los dos equipos de Guanacaste en tres a\u00f1os\u201d,\u00a0dijo emocionado un feliz D\u00edaz en medio de la algarab\u00eda por el campeonato.<\/p>\n<p>Ahora, cuando jueguen los dos equipos de sus amores tendr\u00e1 sin duda, \u201csentimientos encontrados\u201d, pero por encima estar\u00e1 su profesionalismo.<\/p>\n","protected":false},"excerpt":{"rendered":"<div class=\"mh-excerpt\"><p>En un lapso de tres a\u00f1os, Mainor D\u00edaz, rompi\u00f3 en mil pedazos el mito que \u201cnadie es gallo en su patio\u201d, al llevar a la primera divisi\u00f3n del f\u00fatbol tico a la Asociaci\u00f3n Deportiva Guanacasteca <a class=\"mh-excerpt-more\" href=\"https:\/\/anexioncr.com\/index.php\/2023\/06\/25\/mainor-diaz-rompe-record-y-si-es-gallo-en-su-patio\/\" title=\"Mainor D\u00edaz, rompe r\u00e9cord y Si  es gallo en su patio\">[&#8230;]<\/a><\/p>\n<\/div>","protected":false},"author":1,"featured_media":1457,"comment_status":"open","ping_status":"open","sticky":false,"template":"","format":"standard","meta":{"_monsterinsights_skip_tracking":false,"_monsterinsights_sitenote_active":false,"_monsterinsights_sitenote_note":"","_monsterinsights_sitenote_category":0,"_uf_show_specific_survey":0,"_uf_disable_surveys":false,"footnotes":""},"categories":[34],"tags":[],"class_list":{"0":"post-1456","1":"post","2":"type-post","3":"status-publish","4":"format-standard","5":"has-post-thumbnail","7":"category-provincia"},"_links":{"self":[{"href":"https:\/\/anexioncr.com\/index.php\/wp-json\/wp\/v2\/posts\/1456","targetHints":{"allow":["GET"]}}],"collection":[{"href":"https:\/\/anexioncr.com\/index.php\/wp-json\/wp\/v2\/posts"}],"about":[{"href":"https:\/\/anexioncr.com\/index.php\/wp-json\/wp\/v2\/types\/post"}],"author":[{"embeddable":true,"href":"https:\/\/anexioncr.com\/index.php\/wp-json\/wp\/v2\/users\/1"}],"replies":[{"embeddable":true,"href":"https:\/\/anexioncr.com\/index.php\/wp-json\/wp\/v2\/comments?post=1456"}],"version-history":[{"count":3,"href":"https:\/\/anexioncr.com\/index.php\/wp-json\/wp\/v2\/posts\/1456\/revisions"}],"predecessor-version":[{"id":1460,"href":"https:\/\/anexioncr.com\/index.php\/wp-json\/wp\/v2\/posts\/1456\/revisions\/1460"}],"wp:featuredmedia":[{"embeddable":true,"href":"https:\/\/anexioncr.com\/index.php\/wp-json\/wp\/v2\/media\/1457"}],"wp:attachment":[{"href":"https:\/\/anexioncr.com\/index.php\/wp-json\/wp\/v2\/media?parent=1456"}],"wp:term":[{"taxonomy":"category","embeddable":true,"href":"https:\/\/anexioncr.com\/index.php\/wp-json\/wp\/v2\/categories?post=1456"},{"taxonomy":"post_tag","embeddable":true,"href":"https:\/\/anexioncr.com\/index.php\/wp-json\/wp\/v2\/tags?post=1456"}],"curies":[{"name":"wp","href":"https:\/\/api.w.org\/{rel}","templated":true}]}}